{"id":60723,"date":"2023-10-06T18:30:42","date_gmt":"2023-10-06T18:30:42","guid":{"rendered":"https:\/\/www.espinof.com\/entrevistas\/the-continental-tres-peliculas-no-deberia-verse-como-miniserie-importancia-spin-off-john-wick-para-amazon-prime-video-musica-vestuario"},"modified":"2023-10-06T18:30:42","modified_gmt":"2023-10-06T18:30:42","slug":"the-continental-son-tres-peliculas-y-no-deberia-verse-como-una-miniserie-la-importancia-en-el-spin-off-de-john-wick-para-amazon-prime-video-de-la-musica-y-el-vestuario","status":"publish","type":"post","link":"http:\/\/cordobateve.net\/index.php\/2023\/10\/06\/the-continental-son-tres-peliculas-y-no-deberia-verse-como-una-miniserie-la-importancia-en-el-spin-off-de-john-wick-para-amazon-prime-video-de-la-musica-y-el-vestuario\/","title":{"rendered":"\u00abThe Continental son tres pel\u00edculas y no deber\u00eda verse como una miniserie\u00bb. La importancia en el spin-off de &#8216;John Wick&#8217; para Amazon Prime Video de la m\u00fasica y el vestuario"},"content":{"rendered":"<p>El gran evento televisivo que era <a href=\"https:\/\/www.espinof.com\/criticas\/the-continental-brutal-cuando-apuesta-accion-al-estilo-john-wick-miniserie-amazon-prime-video-habria-funcionado-mejor-como-pelicula\">&#8216;The Continental&#8217;<\/a> ha llegado a su final con el estreno del tercer y \u00faltimo episodio de esta miniserie situada en<a href=\"https:\/\/www.espinof.com\/listas\/todas-peliculas-john-wick-ordenadas-peor-a-mejor\"> el universo de &#8216;John Wick&#8217;<\/a>. Est\u00e1 por ver que vaya a haber m\u00e1s entregas, pero lo que s\u00ed podemos daros ahora son <strong>m\u00e1s detalles sobre c\u00f3mo se hizo.<\/strong><\/p>\n<p><!-- BREAK 1 --> <\/p>\n<p>Hace unos d\u00edas compart\u00edamos con vosotros<a href=\"https:\/\/www.espinof.com\/entrevistas\/solamente-hay-keanu-reeves-nunca-vamos-a-hacer-version-joven-john-wick-productores-saga-accion-nos-dan-varias-claves-the-continental\"> nuestra entrevista a Basil Iwanyk y Erica Lee<\/a>, productores de la franquicia desde la primera &#8216;John Wick&#8217;, y hoy toca hacer una parada en las charlas que tuvimos con <strong>Raffertie y Sarah Arthur<\/strong>, el compositor de la banda sonora y la dise\u00f1adora de vestuario de la producci\u00f3n para <a class=\"js-ecommerce\" href=\"https:\/\/www.espinof.com\/redirect?url=https%3A%2F%2Fwww.primevideo.com%2Foffers%2Fnonprimehomepage&amp;category=entrevistas&amp;ecomPostExpiration=perish&amp;postId=231862\" data-vars-affiliate-url=\"https:\/\/www.espinof.com\/redirect?url=https%3A%2F%2Fwww.primevideo.com%2Foffers%2Fnonprimehomepage&amp;category=entrevistas&amp;ecomPostExpiration=perish&amp;postId=231862\">Amazon Prime Video<\/a>.<\/p>\n<p><!-- BREAK 2 --><\/p>\n<h2>Las claves de la m\u00fasica y el vestuario<\/h2>\n<p><strong>Arthur no dud\u00f3 en destacar<\/strong> que \u00ab<em>como ya era fan de &#8216;John Wick&#8217;, fui muy consciente de la presi\u00f3n que iba a tener para dar a &#8216;The Continental&#8217; su propia identidad y manteniendo su nexo con la saga &#8216;John Wick&#8217;. Tuvimos que mantenernos fieles al esp\u00edritu de los a\u00f1os 70, ser todo lo aut\u00e9nticos que fuera posible<\/em>\u00ab, mientras que Raffertie apuntaba lo siguiente sobre su fichaje por &#8216;The Continental&#8217;:<\/p>\n<p><!-- BREAK 3 --> <\/p>\n<blockquote><p>La primera conversaci\u00f3n que tuve con Albert Hughes fue para decirme que me olvidase de los a\u00f1os 70, la serie ya va a tener mucho de esos a\u00f1os por otras v\u00edas. Eso me dej\u00f3 mucho espacio para jugar con la m\u00fasica. Ya hab\u00eda escuchado algo de m\u00fasica antes y se centr\u00f3 en decirme \u201cMe gusta esto, \u00bfpuedes componer algo para la serie en esta l\u00ednea?\u201d. S\u00ed que hay algunos detalles que llevan a los 70, como el uso de los sintetizadores, pero estuvo genial no tener que referenciarlo de forma constante.<\/p><\/blockquote>\n<div class=\"article-asset article-asset-normal article-asset-center\">\n<div class=\"desvio-container\">\n<div class=\"desvio\">\n<div class=\"desvio-figure js-desvio-figure\"> <a href=\"https:\/\/www.espinof.com\/series-de-ficcion\/no-queriamos-cagarla-the-continental-que-precuela-john-wick-miniserie-amazon-prime-video-no-pelicula-luzca-como-tal\"> <img alt=\"&quot;No quer\u00edamos cagarla con The Continental&quot;. Por qu\u00e9 la precuela de 'John Wick' es una miniserie en Amazon Prime Video y no una pel\u00edcula (aunque luzca como tal) \" src=\"http:\/\/cordobateve.net\/wp-content\/uploads\/2023\/10\/the-continental-son-tres-peliculas-y-no-deberia-verse-como-una-miniserie-la-importancia-en-el-spin-off-de-john-wick-para-amazon-prime-video-de-la-musica-y-el-vestuario.jpg\"> <\/a> <\/div><\/div><\/div>\n<\/div>\n<p>Por su parte, Arthur s\u00ed que tuvo que incidir de forma especial en los a\u00f1os 70 a la hora de dise\u00f1ar los trajes que iban a lucir los personajes, aclarando que incluy\u00f3 varios detalles que vinculan a los Winston y Charon del pasado con los que vimos en las cuatro pel\u00edculas protagonizadas por <strong>Keanu Reeves<\/strong>, que <a href=\"https:\/\/www.espinof.com\/fecha-de-estreno\/john-wick-5-fecha-estreno-trailer-reparto-todo-que-sabemos-pelicula-keanu-reeves\">&#8216;John Wick 5&#8217;<\/a> sigue un poco en el aire. Adem\u00e1s, incidi\u00f3 en que preparar los trajes para que se pudieran usarlos en las escenas de acci\u00f3n fue un reto, pero especialmente con estos personajes:<\/p>\n<p><!-- BREAK 4 --><\/p>\n<blockquote><p>Probablemente los m\u00e1s dif\u00edciles fueron los gemelos, porque ten\u00edan que lucir muy duros y directos, pero tambi\u00e9n tener mucha flexibilidad para sus movimientos. El abrigo ten\u00eda que reflejar ese aspecto escurridizo.<\/p><\/blockquote>\n<div class=\"article-asset-image article-asset-large\">\n<div class=\"asset-content\"> <img class height=\"800\" width=\"1200\" loading=\"lazy\" decoding=\"async\" sizes=\"100vw\" fetchpriority=\"high\" srcset=\"http:\/\/cordobateve.net\/wp-content\/uploads\/2023\/10\/the-continental-son-tres-peliculas-y-no-deberia-verse-como-una-miniserie-la-importancia-en-el-spin-off-de-john-wick-para-amazon-prime-video-de-la-musica-y-el-vestuario-1.jpg 450w, http:\/\/cordobateve.net\/wp-content\/uploads\/2023\/10\/the-continental-son-tres-peliculas-y-no-deberia-verse-como-una-miniserie-la-importancia-en-el-spin-off-de-john-wick-para-amazon-prime-video-de-la-musica-y-el-vestuario-5.jpg 681w, http:\/\/cordobateve.net\/wp-content\/uploads\/2023\/10\/the-continental-son-tres-peliculas-y-no-deberia-verse-como-una-miniserie-la-importancia-en-el-spin-off-de-john-wick-para-amazon-prime-video-de-la-musica-y-el-vestuario-6.jpg 1024w, http:\/\/cordobateve.net\/wp-content\/uploads\/2023\/10\/the-continental-son-tres-peliculas-y-no-deberia-verse-como-una-miniserie-la-importancia-en-el-spin-off-de-john-wick-para-amazon-prime-video-de-la-musica-y-el-vestuario-7.jpg 1366w\" src=\"http:\/\/cordobateve.net\/wp-content\/uploads\/2023\/10\/the-continental-son-tres-peliculas-y-no-deberia-verse-como-una-miniserie-la-importancia-en-el-spin-off-de-john-wick-para-amazon-prime-video-de-la-musica-y-el-vestuario-1.jpg\" alt=\"The Continental Escena Serie\"> <noscript><img alt=\"The Continental Escena Serie\" class src=\"http:\/\/cordobateve.net\/wp-content\/uploads\/2023\/10\/the-continental-son-tres-peliculas-y-no-deberia-verse-como-una-miniserie-la-importancia-en-el-spin-off-de-john-wick-para-amazon-prime-video-de-la-musica-y-el-vestuario-1.jpg\"><\/noscript> <\/div>\n<\/div>\n<p><strong>De los temibles gemelos<\/strong> tambi\u00e9n habl\u00f3 Raffertie cuando destac\u00f3 algunos personajes para los que cre\u00f3 un tema musical propio y qu\u00e9 buscaba conseguir con cada uno de ellos:<\/p>\n<p><!-- BREAK 5 --><\/p>\n<blockquote><p>Lo primero que escuchas es el tema de los hermanos y los conocemos siendo ni\u00f1os, as\u00ed que quer\u00eda componer algo que fuera casi como una nana. Es muy sencillo y delicado. Tambi\u00e9n algo c\u00edclico, ya que representa la relaci\u00f3n entre ellos, que acaban volviendo el uno con el otro. Una combinaci\u00f3n de todo eso sucede al final del primer episodio, que es muy emocionante. Con el personaje de Cormac hay unos aires de grandeza y quise reflejar eso de una forma casi neocl\u00e1sica. Y con los gemelos sucede algo curioso, y es que no hablan en toda la serie, lo que me permiti\u00f3 crear un lenguaje para ellos, ya que los sonidos que hacen es un poco como si estuvieran hablando. Tu cerebro siente palabras pero en realidad no est\u00e1n diciendo nada.<\/p><\/blockquote>\n<p>Una confesi\u00f3n que hizo Arthur es que la m\u00e1scara que lleva el personaje de la Alta Mesa interpretado por <strong>Katie McGrath<\/strong> no fue idea suya, ya que se le ocurri\u00f3 a Albert Hughes, director del primer y el tercer episodio de &#8216;The Continental&#8217;, pero s\u00ed que aport\u00f3 un peque\u00f1o detalle:<\/p>\n<p><!-- BREAK 6 --> <\/p>\n<div class=\"article-asset article-asset-normal article-asset-center\">\n<div class=\"desvio-container\">\n<div class=\"desvio\">\n<div class=\"desvio-figure js-desvio-figure\"> <a href=\"https:\/\/www.espinof.com\/proyectos\/sigue-vivo-personaje-keanu-reeves-habra-john-wick-5-productores-saga-dan-su-vision-final-cuarta-pelicula\"> <img alt=\"\u00bfSigue vivo el personaje de Keanu Reeves y habr\u00e1 'John Wick 5'? Los productores de la saga dan su visi\u00f3n sobre el final de la cuarta pel\u00edcula\" src=\"http:\/\/cordobateve.net\/wp-content\/uploads\/2023\/10\/the-continental-son-tres-peliculas-y-no-deberia-verse-como-una-miniserie-la-importancia-en-el-spin-off-de-john-wick-para-amazon-prime-video-de-la-musica-y-el-vestuario-2.jpg\"> <\/a> <\/div><\/div><\/div>\n<\/div>\n<blockquote><p>La m\u00e1scara de la mujer de la alta mesa fue una idea de Albert Hughes. Yo no hice realmente la m\u00e1scara, era de atrezo, pero ayud\u00e9 con ella, como con el color de los labios para que fuera a jugar con su traje, pero fue principalmente ida de Albert y creo que estuvo muy inspirado.<\/p><\/blockquote>\n<p>Volviendo a la m\u00fasica, Raffertie destac\u00f3 que <strong>no tiene ninguna preferencia a la hora de cu\u00e1ndo ponerse con ella durante el proceso<\/strong>, aunque en este caso fue \u00ab<em>desde que estaban con los guiones, as\u00ed que me puse con la m\u00fasica antes de que empezasen a rodar, pero no es hasta el primer montaje cuando sabes si lo que has escrito funciona. Lo habitual es que no, pero suele haber peque\u00f1os chispazos de lo que surge algo<\/em>\u00ab.<\/p>\n<p><!-- BREAK 7 --><\/p>\n<div class=\"article-asset-image article-asset-large\">\n<div class=\"asset-content\"> <img class height=\"675\" width=\"1200\" loading=\"lazy\" decoding=\"async\" sizes=\"100vw\" fetchpriority=\"high\" srcset=\"http:\/\/cordobateve.net\/wp-content\/uploads\/2023\/10\/the-continental-son-tres-peliculas-y-no-deberia-verse-como-una-miniserie-la-importancia-en-el-spin-off-de-john-wick-para-amazon-prime-video-de-la-musica-y-el-vestuario-3.jpg 450w, http:\/\/cordobateve.net\/wp-content\/uploads\/2023\/10\/the-continental-son-tres-peliculas-y-no-deberia-verse-como-una-miniserie-la-importancia-en-el-spin-off-de-john-wick-para-amazon-prime-video-de-la-musica-y-el-vestuario-8.jpg 681w, http:\/\/cordobateve.net\/wp-content\/uploads\/2023\/10\/the-continental-son-tres-peliculas-y-no-deberia-verse-como-una-miniserie-la-importancia-en-el-spin-off-de-john-wick-para-amazon-prime-video-de-la-musica-y-el-vestuario-9.jpg 1024w, http:\/\/cordobateve.net\/wp-content\/uploads\/2023\/10\/the-continental-son-tres-peliculas-y-no-deberia-verse-como-una-miniserie-la-importancia-en-el-spin-off-de-john-wick-para-amazon-prime-video-de-la-musica-y-el-vestuario-10.jpg 1366w\" src=\"http:\/\/cordobateve.net\/wp-content\/uploads\/2023\/10\/the-continental-son-tres-peliculas-y-no-deberia-verse-como-una-miniserie-la-importancia-en-el-spin-off-de-john-wick-para-amazon-prime-video-de-la-musica-y-el-vestuario-3.jpg\" alt=\"The Continental Mel Gibson\"> <noscript><img alt=\"The Continental Mel Gibson\" class src=\"http:\/\/cordobateve.net\/wp-content\/uploads\/2023\/10\/the-continental-son-tres-peliculas-y-no-deberia-verse-como-una-miniserie-la-importancia-en-el-spin-off-de-john-wick-para-amazon-prime-video-de-la-musica-y-el-vestuario-3.jpg\"><\/noscript> <\/div>\n<\/div>\n<p>Por \u00faltimo, Arthur, que previamente hab\u00eda trabajado en series tan conocidas como <a href=\"https:\/\/www.espinof.com\/fecha-de-estreno\/sherlock-todo-que-sabemos-temporada-5\">&#8216;Sherlock&#8217;<\/a> o <a href=\"https:\/\/www.espinof.com\/fecha-de-estreno\/sandman-temporada-2-trailer-fecha-estreno-reparto-todo-que-sabemos-serie-netflix-basada-comic-neil-gaiman\">&#8216;Sandman&#8217;<\/a>, incidi\u00f3 en que &#8216;The Continental&#8217; \u00ab<em>forma parte del universo &#8216;John Wick&#8217;, y eso es muy especial y me encant\u00f3 que me pidieran hacerla<\/em>\u00ab, mientras que Raffertie realiza la siguiente reflexi\u00f3n sobre c\u00f3mo enfrentarse a ella:<\/p>\n<p><!-- BREAK 8 --><\/p>\n<blockquote><p>Lo que diferencia a &#8216;The Continental&#8217; de otra series en las que he trabajado es la escala. En realidad son tres pel\u00edculas, no es una serie de televisi\u00f3n en el sentido tradicional. Luce y suena como una pel\u00edcula. Creo que tiene que verse as\u00ed en lugar de como una serie<\/p><\/blockquote>\n<p>En Espinof:<\/p>\n","protected":false},"excerpt":{"rendered":"<p>El gran evento televisivo que era &#8216;The Continental&#8217; ha llegado a su final con el estreno del tercer y \u00faltimo episodio de esta miniserie situada en el universo de &#8216;John Wick&#8217;. Est\u00e1 por ver que vaya a haber m\u00e1s entregas, pero lo que s\u00ed podemos daros ahora son m\u00e1s detalles sobre c\u00f3mo se hizo. Hace [&hellip;]<\/p>\n","protected":false},"author":1,"featured_media":60724,"comment_status":"closed","ping_status":"closed","sticky":false,"template":"","format":"standard","meta":[],"categories":[24],"tags":[],"_links":{"self":[{"href":"http:\/\/cordobateve.net\/index.php\/wp-json\/wp\/v2\/posts\/60723"}],"collection":[{"href":"http:\/\/cordobateve.net\/index.php\/wp-json\/wp\/v2\/posts"}],"about":[{"href":"http:\/\/cordobateve.net\/index.php\/wp-json\/wp\/v2\/types\/post"}],"author":[{"embeddable":true,"href":"http:\/\/cordobateve.net\/index.php\/wp-json\/wp\/v2\/users\/1"}],"replies":[{"embeddable":true,"href":"http:\/\/cordobateve.net\/index.php\/wp-json\/wp\/v2\/comments?post=60723"}],"version-history":[{"count":0,"href":"http:\/\/cordobateve.net\/index.php\/wp-json\/wp\/v2\/posts\/60723\/revisions"}],"wp:featuredmedia":[{"embeddable":true,"href":"http:\/\/cordobateve.net\/index.php\/wp-json\/wp\/v2\/media\/60724"}],"wp:attachment":[{"href":"http:\/\/cordobateve.net\/index.php\/wp-json\/wp\/v2\/media?parent=60723"}],"wp:term":[{"taxonomy":"category","embeddable":true,"href":"http:\/\/cordobateve.net\/index.php\/wp-json\/wp\/v2\/categories?post=60723"},{"taxonomy":"post_tag","embeddable":true,"href":"http:\/\/cordobateve.net\/index.php\/wp-json\/wp\/v2\/tags?post=60723"}],"curies":[{"name":"wp","href":"https:\/\/api.w.org\/{rel}","templated":true}]}}