{"id":62561,"date":"2023-10-26T21:30:00","date_gmt":"2023-10-26T21:30:00","guid":{"rendered":"http:\/\/cordobateve.net\/index.php\/2023\/10\/26\/peter-gabriel-anuncio-el-lanzamiento-de-su-nuevo-album\/"},"modified":"2023-10-26T21:30:00","modified_gmt":"2023-10-26T21:30:00","slug":"peter-gabriel-anuncio-el-lanzamiento-de-su-nuevo-album","status":"publish","type":"post","link":"http:\/\/cordobateve.net\/index.php\/2023\/10\/26\/peter-gabriel-anuncio-el-lanzamiento-de-su-nuevo-album\/","title":{"rendered":"Peter Gabriel anunci\u00f3 el lanzamiento de su nuevo \u00e1lbum"},"content":{"rendered":"<div class=\"media_block\"><\/div>\n<p>El reconocido m\u00fasico ingl\u00e9s vuelve al ruedo con el disco \u201ci\/o\u201d, producci\u00f3n que fue anticipando con la presentaci\u00f3n de diferentes sencillos en noches de luna llena.<\/p>\n<p>Andrea Bisso cuenta los detalles y habla sobre la pelea entre Alejandro Fantino y su amigo \u201cTronco\u201d.<\/p>\n<p>Escuch\u00e1 su columna en Radio Perfil.<\/p>\n<h4>por Andrea Bisso<\/h4>\n<div class=\"d-none \">\n<h3>Galer\u00eda de im\u00e1genes<\/h3>\n<div id=\"gallery-thumbnails\" class=\"bottom-gallery\">\n<a href=\"https:\/\/fotos.perfil.com\/2023\/10\/26\/peter-gabriel-1684550.jpg\"><br \/>\n<img src=\"http:\/\/cordobateve.net\/wp-content\/uploads\/2023\/10\/peter-gabriel-anuncio-el-lanzamiento-de-su-nuevo-album.jpg\" alt=\"Peter Gabriel\"><br \/>\n<\/a>\n<\/div>\n<\/div>\n<p> <noscript><a href=\"https:\/\/ads.us.e-planning.net\/ei\/3\/294e2\/articulo\/teads?it=i&amp;rnd=$RANDOM\" target=\"_blank\" rel=\"noopener noreferrer\"><img loading=\"lazy\" width=\"1\" height=\"1\" alt=\"e-planning ad\" src=\"http:\/\/cordobateve.net\/wp-content\/uploads\/2023\/10\/peter-gabriel-anuncio-el-lanzamiento-de-su-nuevo-album.gif\" border=\"0\"><\/a><\/noscript> <\/p>\n<p><h4>En esta Nota<\/h4><\/p>\n","protected":false},"excerpt":{"rendered":"<p>El reconocido m\u00fasico ingl\u00e9s vuelve al ruedo con el disco \u201ci\/o\u201d, producci\u00f3n que fue anticipando con la presentaci\u00f3n de diferentes sencillos en noches de luna llena. Andrea Bisso cuenta los detalles y habla sobre la pelea entre Alejandro Fantino y su amigo \u201cTronco\u201d. Escuch\u00e1 su columna en Radio Perfil. por Andrea Bisso Galer\u00eda de im\u00e1genes [&hellip;]<\/p>\n","protected":false},"author":1,"featured_media":62562,"comment_status":"closed","ping_status":"closed","sticky":false,"template":"","format":"standard","meta":[],"categories":[22],"tags":[],"_links":{"self":[{"href":"http:\/\/cordobateve.net\/index.php\/wp-json\/wp\/v2\/posts\/62561"}],"collection":[{"href":"http:\/\/cordobateve.net\/index.php\/wp-json\/wp\/v2\/posts"}],"about":[{"href":"http:\/\/cordobateve.net\/index.php\/wp-json\/wp\/v2\/types\/post"}],"author":[{"embeddable":true,"href":"http:\/\/cordobateve.net\/index.php\/wp-json\/wp\/v2\/users\/1"}],"replies":[{"embeddable":true,"href":"http:\/\/cordobateve.net\/index.php\/wp-json\/wp\/v2\/comments?post=62561"}],"version-history":[{"count":0,"href":"http:\/\/cordobateve.net\/index.php\/wp-json\/wp\/v2\/posts\/62561\/revisions"}],"wp:featuredmedia":[{"embeddable":true,"href":"http:\/\/cordobateve.net\/index.php\/wp-json\/wp\/v2\/media\/62562"}],"wp:attachment":[{"href":"http:\/\/cordobateve.net\/index.php\/wp-json\/wp\/v2\/media?parent=62561"}],"wp:term":[{"taxonomy":"category","embeddable":true,"href":"http:\/\/cordobateve.net\/index.php\/wp-json\/wp\/v2\/categories?post=62561"},{"taxonomy":"post_tag","embeddable":true,"href":"http:\/\/cordobateve.net\/index.php\/wp-json\/wp\/v2\/tags?post=62561"}],"curies":[{"name":"wp","href":"https:\/\/api.w.org\/{rel}","templated":true}]}}