{"id":63581,"date":"2023-11-05T07:43:01","date_gmt":"2023-11-05T07:43:01","guid":{"rendered":"http:\/\/cordobateve.net\/index.php\/2023\/11\/05\/los-primeros-dias-de-la-fiesta-cinefila-de-la-argentina\/"},"modified":"2023-11-05T07:43:01","modified_gmt":"2023-11-05T07:43:01","slug":"los-primeros-dias-de-la-fiesta-cinefila-de-la-argentina","status":"publish","type":"post","link":"http:\/\/cordobateve.net\/index.php\/2023\/11\/05\/los-primeros-dias-de-la-fiesta-cinefila-de-la-argentina\/","title":{"rendered":"Los primeros d\u00edas de la fiesta cin\u00e9fila de la Argentina"},"content":{"rendered":"<div class=\"media_block\"><\/div>\n<div><img src=\"http:\/\/cordobateve.net\/wp-content\/uploads\/2023\/11\/los-primeros-dias-de-la-fiesta-cinefila-de-la-argentina.jpg\" class=\"ff-og-image-inserted\"><\/div>\n<p>Lo primero que hay que saber a la hora de la edici\u00f3n 38\u00b0 del Festival Internacional de Cine de Mar del Plata es que a la hora de las entradas, ya que se agotan, hay que correr. Dicho esto, ya ha comenzado el festival que va bajo la direcci\u00f3n art\u00edstica de Pablo Conde y cuenta con su huella a la hora de la cultura pop en la mayor\u00eda de sus decisiones, y que tambi\u00e9n es comandado por su presidente Fernando Juan Lima, alguien que siempre ayuda al cine a encontrar su lugar. Lo hizo con su pel\u00edcula de apertura \u201cHombre de la esquina rosada\u201d, un cl\u00e1sico argentino de Ren\u00e9 M\u00fajica.&nbsp;<\/p>\n<p>Para comenzar, tres eventos a destacar que hablan de una l\u00ednea editorial, que tiene que ver tanto con darle la mano a Hollywood, rescatar y cuidar al cine argentino (y celebrarlo, como bien marca la apertura) y darle un espacio de cari\u00f1o y agradecimiento a rincones donde el cine es cuidado como en pocos lugares. El primero tiene que ver con el gran invitado internacional del festival. El espa\u00f1ol Juan Antonio Bayona, un nombre enorme en Hollywood, con films como Lo inevitable, El orfanato y Jurassic World, que es considerado parte del linaje heredero de la pasi\u00f3n de Steven Spielberg por el cine popular hecho con potencia. Bayona llega al evento de la mano de Netflix, para presentar La sociedad de la nieve, su versi\u00f3n de la famosa historia real de los rugbiers uruguayos que quedaron en plena Cordillera de Los Andes y sobrevivieron de la manera que pod\u00edan hacerlo. Adem\u00e1s del estreno del film, antes de su llegada en enero a la plataforma, el festival tendr\u00e1 en el Teatro Col\u00f3n Mar del Plata, de manera gratuita, y parte de su ciclo Charlas con Maestros y Maestras. Se suma bajo el mismo ciclo, Charlas con Maestros y Maestras, se suma un saludo a la dama de oro del cine argentino, Graciela Borges, que ser\u00e1 el mi\u00e9rcoles 8 a las 18. El viernes 10 se suma una tercera charla, bajo esa misma potencia, que es la que dar\u00e1 Mar\u00eda Jos\u00e9 Santacreu, que no es otra cosa que una celebraci\u00f3n de la Cinemateca Uruguaya, una instituci\u00f3n adorada por la cinefilia y que se ha sabido construir como una de las mejores en su rubro en todo el planeta. Como ya se dijo, tres formas de entender a un festival que piensa el cine con su coraz\u00f3n.<\/p>\n<p>Culb del comic. Mar del Plata es un evento que tambi\u00e9n sabe entender de ideas nuevas, por ejemplo, la idea de conjugar historieta y cine, pero lejos de los estereotipos de Marvel a los que el cine se ha acostumbrado y mucho m\u00e1s cerca de otros modos, de autor, recientes y cl\u00e1sicos. As\u00ed, por ejemplo, se puede ver Shortcomings, de Randall Park, la adaptaci\u00f3n del cl\u00e1sico moderno de Adrian Tomine. La segunda pel\u00edcula del tr\u00edo, prometido como primera parte, es Un homme est mort, basado en el c\u00f3mic franc\u00e9s de \u00c9tienne y&nbsp;<\/p>\n<p>Kris Davodeau y convertida por Olivier Cossu en un largometraje de animaci\u00f3n para adultos. La tercera de la pandilla es Danger: Diabolik, con todo el pop italiano de los a\u00f1os 60 a punto de ebullici\u00f3n, a pleno color fuera de borda y a puro cuasi sadismo chill\u00f3n (que hoy parece cine de autor). &nbsp;<\/p>\n<p>Otro de los peque\u00f1os grandes hallazgos es la mirada puesta sobre Ana Mariscal, la actriz, guionista y directora que posee un foco. De la autora espa\u00f1ola se ver\u00e1n El camino y Segundo L\u00f3pez, aventurero urbano. Bajo el sello Fant\u00e1sticas: nuevas voces del cine brit\u00e1nico de g\u00e9nero se ver\u00e1n en pantalla a autores y autoras brit\u00e1nicas que han creado una nueva visi\u00f3n. All\u00ed se pueden encontrar pel\u00edculas como Hermosa venganza, Censor (que cuenta con un invitado) y Saint Maud, de Rose Glass.&nbsp;<\/p>\n<p>El saludo a un maestro<\/p>\n<p>Siempre es un buen momento para celebrar el cine de Adolfo Aristarain, el director argentino del cual se ver\u00e1n dos pel\u00edculas a modo de festejar su obra: Un lugar en el&nbsp;mundo y &nbsp;Mart\u00edn (Hache). En la presen-taci\u00f3n del festival, se le dio un premio Astor a la trayectoria al realizador, que no pudo presentarse y el galard\u00f3n fue recibido por su hijo Bruno, Osvaldo Papaleo y Fito P\u00e1ez. A la hora del cine nacional, se ver\u00e1n grandes pel\u00edculas del 2023, como pueden ser Blondi, de Dolores Fonzi, Puan, de Mar\u00eda Alch\u00e9 y Benjam\u00edn Naishtat, Casi muerta, de Fern\u00e1n Mir\u00e1s, Los delincuentes, de Rodrigo Moreno, No me rompan, de Azul Lombard\u00eda, y El rapto, de Daniela Goggi. Todas realizaciones que marcaron el ritmo de los grandes \u00e9xitos de este a\u00f1o, y que el festival entiende como tales. Se suma en Galas, Un p\u00e1jaro azul, la nueva realizaci\u00f3n de Ariel Rotter, protagonizada por Julieta Zylberberg. En Panorama Argentino, pueden verse Las ausencias, de Juan Jos\u00e9 Gorasurreta, El pensamiento anal\u00f3gico, de Paulo P\u00e9cora, Procopiuk, de Diego Lumerman, La estrella azul, de Javier Macipe, y Las dos Mariette, de Poli Mart\u00ednez Kaplun. Otro film local podr\u00e1 verse en la secci\u00f3n Las venas abiertas, el terror latino en acci\u00f3n, y es Deus Irae, de Pedro Cristiani. Se suman a la medianoche la premiada Cuando acecha la maldad, la gran pel\u00edcula de Demi\u00e1n Rugna. Habr\u00e1 un foco dedicado a Esteban Sapir, el director de Picado Fino y La antena. Se suma el cl\u00e1sico Historias breves, ahora en su versi\u00f3n 21 y Pantalla UBA.<\/p>\n<div class=\"article__tags\">\n<p>En esta Nota<\/p>\n<\/p><\/div>\n","protected":false},"excerpt":{"rendered":"<p>Lo primero que hay que saber a la hora de la edici\u00f3n 38\u00b0 del Festival Internacional de Cine de Mar del Plata es que a la hora de las entradas, ya que se agotan, hay que correr. Dicho esto, ya ha comenzado el festival que va bajo la direcci\u00f3n art\u00edstica de Pablo Conde y cuenta [&hellip;]<\/p>\n","protected":false},"author":1,"featured_media":63582,"comment_status":"closed","ping_status":"closed","sticky":false,"template":"","format":"standard","meta":[],"categories":[22],"tags":[],"_links":{"self":[{"href":"http:\/\/cordobateve.net\/index.php\/wp-json\/wp\/v2\/posts\/63581"}],"collection":[{"href":"http:\/\/cordobateve.net\/index.php\/wp-json\/wp\/v2\/posts"}],"about":[{"href":"http:\/\/cordobateve.net\/index.php\/wp-json\/wp\/v2\/types\/post"}],"author":[{"embeddable":true,"href":"http:\/\/cordobateve.net\/index.php\/wp-json\/wp\/v2\/users\/1"}],"replies":[{"embeddable":true,"href":"http:\/\/cordobateve.net\/index.php\/wp-json\/wp\/v2\/comments?post=63581"}],"version-history":[{"count":0,"href":"http:\/\/cordobateve.net\/index.php\/wp-json\/wp\/v2\/posts\/63581\/revisions"}],"wp:featuredmedia":[{"embeddable":true,"href":"http:\/\/cordobateve.net\/index.php\/wp-json\/wp\/v2\/media\/63582"}],"wp:attachment":[{"href":"http:\/\/cordobateve.net\/index.php\/wp-json\/wp\/v2\/media?parent=63581"}],"wp:term":[{"taxonomy":"category","embeddable":true,"href":"http:\/\/cordobateve.net\/index.php\/wp-json\/wp\/v2\/categories?post=63581"},{"taxonomy":"post_tag","embeddable":true,"href":"http:\/\/cordobateve.net\/index.php\/wp-json\/wp\/v2\/tags?post=63581"}],"curies":[{"name":"wp","href":"https:\/\/api.w.org\/{rel}","templated":true}]}}