{"id":63797,"date":"2023-11-07T20:54:10","date_gmt":"2023-11-07T20:54:10","guid":{"rendered":"http:\/\/cordobateve.net\/index.php\/2023\/11\/07\/toda-la-intimidad-del-festejo-de-cumpleanos-de-nacho-castanares-ex-gran-hermano\/"},"modified":"2023-11-07T20:54:10","modified_gmt":"2023-11-07T20:54:10","slug":"toda-la-intimidad-del-festejo-de-cumpleanos-de-nacho-castanares-ex-gran-hermano","status":"publish","type":"post","link":"http:\/\/cordobateve.net\/index.php\/2023\/11\/07\/toda-la-intimidad-del-festejo-de-cumpleanos-de-nacho-castanares-ex-gran-hermano\/","title":{"rendered":"Toda la intimidad del festejo de cumplea\u00f1os de Nacho Casta\u00f1ares, ex Gran Hermano"},"content":{"rendered":"<div class=\"media_block\"><\/div>\n<div><img src=\"http:\/\/cordobateve.net\/wp-content\/uploads\/2023\/11\/toda-la-intimidad-del-festejo-de-cumpleanos-de-nacho-castanares-ex-gran-hermano.jpg\" class=\"ff-og-image-inserted\"><\/div>\n<p><a target=\"_blank\" href=\"https:\/\/www.instagram.com\/nachoo_cp\/\" rel=\"noopener noreferrer\"><strong>Nacho Casta\u00f1ares <\/strong><\/a>festej\u00f3 a lo grande su cumplea\u00f1os y comparti\u00f3 los momentos m\u00e1s relevantes en sus redes sociales. <a target=\"_blank\" href=\"https:\/\/caras.perfil.com\/noticias\/celebridades\/nacho-castanares-sera-el-padrino-de-laia-la-bebe-gemela-de-daniela-celis-y-thiago-medina.phtml\" rel=\"noopener noreferrer\">El ex \u00abGran Hermano\u00bb<\/a> mostr\u00f3 un poco de la intimidad de su d\u00eda en el que estuvo rodeado por sus amigos m\u00e1s cercanos.<\/p>\n<p>A trav\u00e9s de Instagram,<strong> <a target=\"_blank\" href=\"https:\/\/caras.perfil.com\/noticias\/celebridades\/coti-romero-rompio-el-silencio-y-hablo-sobre-su-supuesto-beso-con-nacho-castanares.phtml\" rel=\"noopener noreferrer\">el influencer<\/a> public\u00f3 un video en donde se pudieron ver algunos detalles de la celebraci\u00f3n<\/strong>. Junto a un extenso texto, Nacho se mostr\u00f3 muy agradecido.<strong> \u00abGracias a todos por los mensajes, gracias a los que vinieron, gracias a los que organizaron todo y ayudaron con todo\u00bb.<\/strong><\/p>\n<h2>As\u00ed fue el festejo de cumplea\u00f1os de Nacho Casta\u00f1ares<\/h2>\n<p><strong>\u00abFue un quilombo\u00bb,<\/strong> relat\u00f3 <a target=\"_blank\" href=\"https:\/\/caras.perfil.com\/noticias\/celebridades\/nacho-castanares-revelo-que-sufre-una-enfermedad-por-estres.phtml\" rel=\"noopener noreferrer\"><strong>Nacho<\/strong><\/a> sobre los preparativos en donde primero se mostr\u00f3 con <strong>su auto \u00abexplotado\u00bb con varias cosas para la fiesta<\/strong>, como los parlantes para pasar m\u00fasica.<\/p>\n<p>Luego mostr\u00f3 algunos detalles como el catering, que const\u00f3 en<strong> sanguches y pizza<\/strong>. Adem\u00e1s, el ex \u00abGran Hermano\u00bb contrat\u00f3 el servicio de una barra de bebidas y d<strong>ej\u00f3 ver que su amiga Mora, otra ex GH, estaba muy feliz por esto.<\/strong><\/p>\n<p><a target=\"_blank\" href=\"https:\/\/caras.perfil.com\/noticias\/espectaculos\/nacho-castanares-revelo-los-verdaderos-motivos-de-su-ruptura-con-la-tora-villar.phtml\" rel=\"noopener noreferrer\">El joven<\/a><strong> alquil\u00f3 una quinta con pileta, <\/strong>en donde sus invitados pudieron disfrutar del buen clima al aire libre.<\/p>\n<p>VO<\/p>\n<div class=\"relacionadas\" readability=\"0.64391691394659\">\n<p>Tambi\u00e9n te puede interesar<\/p>\n<\/p><\/div>\n","protected":false},"excerpt":{"rendered":"<p>Nacho Casta\u00f1ares festej\u00f3 a lo grande su cumplea\u00f1os y comparti\u00f3 los momentos m\u00e1s relevantes en sus redes sociales. El ex \u00abGran Hermano\u00bb mostr\u00f3 un poco de la intimidad de su d\u00eda en el que estuvo rodeado por sus amigos m\u00e1s cercanos. A trav\u00e9s de Instagram, el influencer public\u00f3 un video en donde se pudieron ver [&hellip;]<\/p>\n","protected":false},"author":1,"featured_media":63798,"comment_status":"closed","ping_status":"closed","sticky":false,"template":"","format":"standard","meta":[],"categories":[22],"tags":[],"_links":{"self":[{"href":"http:\/\/cordobateve.net\/index.php\/wp-json\/wp\/v2\/posts\/63797"}],"collection":[{"href":"http:\/\/cordobateve.net\/index.php\/wp-json\/wp\/v2\/posts"}],"about":[{"href":"http:\/\/cordobateve.net\/index.php\/wp-json\/wp\/v2\/types\/post"}],"author":[{"embeddable":true,"href":"http:\/\/cordobateve.net\/index.php\/wp-json\/wp\/v2\/users\/1"}],"replies":[{"embeddable":true,"href":"http:\/\/cordobateve.net\/index.php\/wp-json\/wp\/v2\/comments?post=63797"}],"version-history":[{"count":0,"href":"http:\/\/cordobateve.net\/index.php\/wp-json\/wp\/v2\/posts\/63797\/revisions"}],"wp:featuredmedia":[{"embeddable":true,"href":"http:\/\/cordobateve.net\/index.php\/wp-json\/wp\/v2\/media\/63798"}],"wp:attachment":[{"href":"http:\/\/cordobateve.net\/index.php\/wp-json\/wp\/v2\/media?parent=63797"}],"wp:term":[{"taxonomy":"category","embeddable":true,"href":"http:\/\/cordobateve.net\/index.php\/wp-json\/wp\/v2\/categories?post=63797"},{"taxonomy":"post_tag","embeddable":true,"href":"http:\/\/cordobateve.net\/index.php\/wp-json\/wp\/v2\/tags?post=63797"}],"curies":[{"name":"wp","href":"https:\/\/api.w.org\/{rel}","templated":true}]}}