{"id":63799,"date":"2023-11-07T20:52:41","date_gmt":"2023-11-07T20:52:41","guid":{"rendered":"http:\/\/cordobateve.net\/index.php\/2023\/11\/07\/pampita-revelo-la-especial-conexion-que-tiene-ana-garcia-moritan-con-su-papa-guillermo\/"},"modified":"2023-11-07T20:52:41","modified_gmt":"2023-11-07T20:52:41","slug":"pampita-revelo-la-especial-conexion-que-tiene-ana-garcia-moritan-con-su-papa-guillermo","status":"publish","type":"post","link":"http:\/\/cordobateve.net\/index.php\/2023\/11\/07\/pampita-revelo-la-especial-conexion-que-tiene-ana-garcia-moritan-con-su-papa-guillermo\/","title":{"rendered":"Pampita revel\u00f3 la especial conexi\u00f3n que tiene Ana Garc\u00eda Morit\u00e1n con su pap\u00e1 Guillermo"},"content":{"rendered":"<div class=\"media_block\"><\/div>\n<div><img src=\"http:\/\/cordobateve.net\/wp-content\/uploads\/2023\/11\/pampita-revelo-la-especial-conexion-que-tiene-ana-garcia-moritan-con-su-papa-guillermo.jpg\" class=\"ff-og-image-inserted\"><\/div>\n<p><a target=\"_blank\" href=\"https:\/\/www.instagram.com\/p\/CvDa-zzJTs4\/\" rel=\"noopener noreferrer\"><strong>Pampita Ardohain<\/strong><\/a> dej\u00f3 a todos sus seguidores conmovidos al compartir una emotiva historia sobre la estrecha conexi\u00f3n que existe entre su hija <strong><a target=\"_blank\" href=\"https:\/\/caras.perfil.com\/noticias\/celebridades\/las-tiernas-fotos-de-ana-garcia-moritan-con-su-disfraz-de-halloween.phtml\" rel=\"noopener noreferrer\">Ana Garc\u00eda Morit\u00e1n <\/a><\/strong>y su fallecido padre, Guillermo Ardohain.<\/p>\n<p>El recuerdo de su pap\u00e1, quien muri\u00f3 cuando ella era solo una ni\u00f1a, ha sido una parte fundamental en la elecci\u00f3n del nombre de su hija, Ana. Durante una entrevista con Denise Dumas,<strong><a target=\"_blank\" href=\"https:\/\/caras.perfil.com\/noticias\/celebridades\/pampita-aposto-por-el-color-verde-y-se-lucio-con-una-falda-llena-de-brillos.phtml\" rel=\"noopener noreferrer\">Pampita<\/a> se sincer\u00f3 sobre el motivo detr\u00e1s de la elecci\u00f3n del nombre de su hija.<\/strong><\/p>\n<h2>La especial conexi\u00f3n entre Ana Garc\u00eda Morit\u00e1n y el pap\u00e1 de Pampita<\/h2>\n<p><strong>\u00abYo me llamo Ana y mi pap\u00e1 me dijo as\u00ed siempre. \u00c9l eligi\u00f3 ese nombre y me llam\u00f3 as\u00ed. Mi pap\u00e1 se fue cuando yo era muy chiquita y no me llamaron m\u00e1s as\u00ed, me empezaron a decir Carolina&#8230;<\/strong> Y siempre sent\u00ed que hab\u00eda desaparecido esa parte de m\u00ed\u00bb, confes\u00f3 emocionada.<\/p>\n<p><a target=\"_blank\" href=\"https:\/\/caras.perfil.com\/noticias\/celebridades\/de-antonela-roccuzzo-a-pampita-todos-los-nominados-a-los-martin-fierro-de-la-moda-2023.phtml\" rel=\"noopener noreferrer\"><strong>La modelo<\/strong><\/a> comparti\u00f3 c\u00f3mo el deseo de mantener viva la memoria de <strong>su padre influy\u00f3 en su decisi\u00f3n de nombrar a su hija Ana. <\/strong>Aunque consideraron otros nombres como Carlota o Sof\u00eda, finalmente optaron por Ana en honor a su padre.<\/p>\n<p>Pampita tambi\u00e9n revel\u00f3 que su esposo, <a target=\"_blank\" href=\"https:\/\/caras.perfil.com\/noticias\/celebridades\/pampita-rompio-el-silencio-sobre-los-rumores-de-crisis-con-roberto-garcia-moritan-venia-invicta.phtml\" rel=\"noopener noreferrer\"><strong>Roberto Garc\u00eda Morit\u00e1n,<\/strong><\/a> tiene una canci\u00f3n que simboliza esta conexi\u00f3n especial entre Ana y su abuelo fallecido. \u00ab\u00c9l habla un poco de eso, de agarrar ese coraz\u00f3n roto y volverlo a unir con paciencia, con cari\u00f1o. Este tema lo escucho y me rompe el alma. Me representa, es salir a hacer las cosas y volver a mi hogar que son mis hijos y mi esposo. Y Rober cuando me propuso matrimonio me puso ese tema\u00bb.<\/p>\n<p>VO<\/p>\n<div class=\"relacionadas\" readability=\"0.61823361823362\">\n<p>Tambi\u00e9n te puede interesar<\/p>\n<\/p><\/div>\n","protected":false},"excerpt":{"rendered":"<p>Pampita Ardohain dej\u00f3 a todos sus seguidores conmovidos al compartir una emotiva historia sobre la estrecha conexi\u00f3n que existe entre su hija Ana Garc\u00eda Morit\u00e1n y su fallecido padre, Guillermo Ardohain. El recuerdo de su pap\u00e1, quien muri\u00f3 cuando ella era solo una ni\u00f1a, ha sido una parte fundamental en la elecci\u00f3n del nombre de [&hellip;]<\/p>\n","protected":false},"author":1,"featured_media":63800,"comment_status":"closed","ping_status":"closed","sticky":false,"template":"","format":"standard","meta":[],"categories":[22],"tags":[],"_links":{"self":[{"href":"http:\/\/cordobateve.net\/index.php\/wp-json\/wp\/v2\/posts\/63799"}],"collection":[{"href":"http:\/\/cordobateve.net\/index.php\/wp-json\/wp\/v2\/posts"}],"about":[{"href":"http:\/\/cordobateve.net\/index.php\/wp-json\/wp\/v2\/types\/post"}],"author":[{"embeddable":true,"href":"http:\/\/cordobateve.net\/index.php\/wp-json\/wp\/v2\/users\/1"}],"replies":[{"embeddable":true,"href":"http:\/\/cordobateve.net\/index.php\/wp-json\/wp\/v2\/comments?post=63799"}],"version-history":[{"count":0,"href":"http:\/\/cordobateve.net\/index.php\/wp-json\/wp\/v2\/posts\/63799\/revisions"}],"wp:featuredmedia":[{"embeddable":true,"href":"http:\/\/cordobateve.net\/index.php\/wp-json\/wp\/v2\/media\/63800"}],"wp:attachment":[{"href":"http:\/\/cordobateve.net\/index.php\/wp-json\/wp\/v2\/media?parent=63799"}],"wp:term":[{"taxonomy":"category","embeddable":true,"href":"http:\/\/cordobateve.net\/index.php\/wp-json\/wp\/v2\/categories?post=63799"},{"taxonomy":"post_tag","embeddable":true,"href":"http:\/\/cordobateve.net\/index.php\/wp-json\/wp\/v2\/tags?post=63799"}],"curies":[{"name":"wp","href":"https:\/\/api.w.org\/{rel}","templated":true}]}}