{"id":64509,"date":"2023-11-14T20:58:57","date_gmt":"2023-11-14T20:58:57","guid":{"rendered":"https:\/\/www.clarin.com\/cultura\/documenta-kassel-vez-mira-renuncias-sacuden-eventos-arte-importantes-mundo_0_aDitqnJ4Zj.html"},"modified":"2023-11-14T20:58:57","modified_gmt":"2023-11-14T20:58:57","slug":"documenta-de-kassel-otra-vez-en-la-mira-dos-renuncias-sacuden-uno-de-los-eventos-de-arte-mas-importantes-del-mundo","status":"publish","type":"post","link":"http:\/\/cordobateve.net\/index.php\/2023\/11\/14\/documenta-de-kassel-otra-vez-en-la-mira-dos-renuncias-sacuden-uno-de-los-eventos-de-arte-mas-importantes-del-mundo\/","title":{"rendered":"Documenta de Kassel otra vez en la mira: dos renuncias sacuden uno de los eventos de arte m\u00e1s importantes del mundo"},"content":{"rendered":"<p><img src=\"http:\/\/cordobateve.net\/wp-content\/uploads\/2023\/11\/documenta-de-kassel-otra-vez-en-la-mira-dos-renuncias-sacuden-uno-de-los-eventos-de-arte-mas-importantes-del-mundo.jpg\"><\/p>\n<div class=\"sc-851b591c-0 cCYlYU container-text\" readability=\"35.716738197425\">\n<p>La <strong>Documenta de Kassel<\/strong>, una de las exposiciones de arte contempor\u00e1neo m\u00e1s importantes del mundo que se realiza cada cinco a\u00f1os en esa ciudad alemana, suma un nuevo cap\u00edtulo referido al <strong>antisemitismo<\/strong> con la dimisi\u00f3n del curador Ranjit Hoskot\u00e9 y la artista israel\u00ed Bracha Lichtenberg Ettinger a la Comisi\u00f3n de Selecci\u00f3n de la 16 edici\u00f3n programada para 2027, en el primer caso <strong>por <a href=\"https:\/\/www.clarin.com\/cultura\/documenta-gran-expo-arte-capilla-escandalo_0_gTf1hAu7x3.html\" target=\"_self\" title=\"acusaciones de antisemitismo\" alt=\"acusaciones de antisemitismo\" rel=\"noopener noreferrer\">acusaciones de antisemitismo<\/a> y en el segundo por otras cuestiones pol\u00edticas. <\/strong><\/p>\n<\/div>\n<div class=\"sc-851b591c-0 cCYlYU container-text\" readability=\"37\">\n<p>El poeta, cr\u00edtico de arte y curador indio Ranjit Hoskot\u00e9 dimiti\u00f3 tras las cr\u00edticas p\u00fablicas recibidas por haber firmado en 2019 una carta abierta del Indian Cultural Forum en protesta por un evento organizado por el Consulado General de Israel en Bombay donde se equiparaba al sionismo con el movimiento liderado por el dirigente nacionalista Vinaiak D\u00e1modar Savarkar 1883-1963), opositor a Mahatma Gandhi y confeso admirador de Adolf Hitler.<\/p>\n<\/div>\n<div class=\"sc-851b591c-0 cCYlYU container-text\" readability=\"41\">\n<p>\nLa informaci\u00f3n, publicada en el diario S\u00fcddeutsche Zeitung bajo el t\u00edtulo \u00abNo otra vez, Documenta\u00bb, expone que el curador hab\u00eda firmado la declaraci\u00f3n \u00abantisemita\u00bb y lo califica como \u00absimpatizante del BDS\u00bb, en alusi\u00f3n al movimiento Boicot, Desinversi\u00f3n y Sanciones (BDS), que impulsa un boicot a productos israel\u00edes y apoya los hist\u00f3ricos reclamos palestinos.<\/p>\n<\/div>\n<div class=\"sc-851b591c-0 cCYlYU container-text\" readability=\"35.635245901639\">\n<p>En el comunicado institucional el director general de <strong><a href=\"https:\/\/www.clarin.com\/cultura\/escandalo-documenta-pone-manifiesto-abismo-vez-mayor-alemania_0_Rj83sfOqK6.html\" target=\"_self\" title=\"Documenta\" alt=\"Documenta\" rel=\"noopener noreferrer\">Documenta<\/a><\/strong>, Andreas Hoffmann, expres\u00f3 que desconoc\u00edan este hecho, y que \u00abno es aceptable para la Documenta y el Museum Fridericianum gGmbH debido a su contenido expl\u00edcitamente antisemita\u00bb.<\/p>\n<\/div>\n<div class=\"sc-851b591c-0 cCYlYU container-text\" readability=\"38\">\n<p>En su carta de dimisi\u00f3n, el curador se refiere a la \u00abindignante acusaci\u00f3n de antisemitismo que se ha vertido contra mi nombre en Alemania, un pa\u00eds que considero con amor y admiraci\u00f3n y a cuyas instituciones culturales y vida intelectual he contribuido durante varias d\u00e9cadas como escritor, curador y te\u00f3rico cultural\u00bb. <\/p>\n<\/div>\n<div class=\"sc-181c85df-0 kKzRqv\"><picture class=\"sc-181c85df-1 hfxIOe\"><source media=\"(min-width: 975px)\" height=\"0\" width=\"720\" srcset=\"http:\/\/cordobateve.net\/wp-content\/uploads\/2023\/11\/documenta-de-kassel-otra-vez-en-la-mira-dos-renuncias-sacuden-uno-de-los-eventos-de-arte-mas-importantes-del-mundo-2.jpg\"><img alt=\"La obra de la pol\u00e9mica el a\u00f1o pasado, con denuncias de antisemitismo. Foto: AFP\" src=\"http:\/\/cordobateve.net\/wp-content\/uploads\/2023\/11\/documenta-de-kassel-otra-vez-en-la-mira-dos-renuncias-sacuden-uno-de-los-eventos-de-arte-mas-importantes-del-mundo-2.jpg\" width=\"720\" height=\"0\" decoding=\"async\" data-nimg=\"future\" loading=\"lazy\"><span class=\"epigraphe\">La obra de la pol\u00e9mica el a\u00f1o pasado, con denuncias de antisemitismo. Foto: AFP<\/span><span class=\"bkg\"><\/span><span class=\"picture-open\"><button class=\"open-image\" aria-label=\"Open Image\"><\/button><\/span><\/picture><\/div>\n<div class=\"sc-851b591c-0 cCYlYU container-text\" readability=\"36\">\n<p>Y agrega: \u00abPeriodistas alemanes, que no conocen mi vida ni mi obra, me han condenado, denunciado y estigmatizado sobre la base de una sola firma en una petici\u00f3n que se sac\u00f3 de contexto\u00bb.<\/p>\n<\/div>\n<div class=\"sc-851b591c-0 cCYlYU container-text\" readability=\"33.25\">\n<p>La renuncia junto con la carta fue comunicada por <strong><a href=\"https:\/\/www.clarin.com\/cultura\/feria-arte-documenta-vuelve-involucrada-polemica-antisemitismo-ahora-censura-_0_DIBFV6t7XI.html\" target=\"_self\" title=\"Documenta,\" alt=\"Documenta,\" rel=\"noopener noreferrer\">Documenta<\/a><\/strong><a href=\"https:\/\/www.clarin.com\/cultura\/feria-arte-documenta-vuelve-involucrada-polemica-antisemitismo-ahora-censura-_0_DIBFV6t7XI.html\" target=\"_self\" title=\"Documenta,\" alt=\"Documenta,\" rel=\"noopener noreferrer\">,<\/a> cuyos referentes alegaron: \u00abTratar los casos de comportamiento antisemita en la documenta 15 es una preocupaci\u00f3n muy seria para nosotros\u00bb.<\/p>\n<\/div>\n<div class=\"sc-851b591c-0 cCYlYU container-text\" readability=\"34\">\n<p>\u00abHoskot\u00e9 dej\u00f3 claro posteriormente a Documenta y al Museum Fridericianum gGmbH que rechaza los objetivos del BDS y no apoya el movimiento\u00bb, comunicaron desde <strong>Documenta.<\/strong><\/p>\n<\/div>\n<div class=\"sc-851b591c-0 cCYlYU container-text\" readability=\"37\">\n<p>\u00abPara m\u00ed est\u00e1 claro que en esta atm\u00f3sfera envenenada no hay lugar para un debate diferenciado de las cuestiones que nos ocupan -escribi\u00f3 por su parte Hoskot\u00e9-. En el intento de salvar una situaci\u00f3n que no es posible se me pidi\u00f3 que acepte una definici\u00f3n amplia e insostenible de antisemitismo que agrupa al pueblo jud\u00edo con el Estado Israel, y en consecuencia, considera cualquier expresi\u00f3n de simpat\u00eda por el pueblo palestino como apoyo a Hamas\u00bb.<\/p>\n<\/div>\n<div class=\"sc-851b591c-0 cCYlYU container-text\" readability=\"34\">\n<p>\nEl curador expresa que su conciencia no le permite \u00abaceptar esta definici\u00f3n general y limitaci\u00f3n de la empat\u00eda humana\u00bb y agrega que \u00abdestacados pensadores jud\u00edos tambi\u00e9n rechazan la equiparaci\u00f3n del antisionismo con antisemitismo\u00bb. <\/p>\n<\/div>\n<div class=\"sc-181c85df-0 kKzRqv\"><picture class=\"sc-181c85df-1 hfxIOe\"><source media=\"(min-width: 975px)\" height=\"0\" width=\"720\" srcset=\"http:\/\/cordobateve.net\/wp-content\/uploads\/2023\/11\/documenta-de-kassel-otra-vez-en-la-mira-dos-renuncias-sacuden-uno-de-los-eventos-de-arte-mas-importantes-del-mundo-3.jpg\"><img alt=\"Fridericianum Museum en Kassel, Alemania. Foto: EFE\" src=\"http:\/\/cordobateve.net\/wp-content\/uploads\/2023\/11\/documenta-de-kassel-otra-vez-en-la-mira-dos-renuncias-sacuden-uno-de-los-eventos-de-arte-mas-importantes-del-mundo-3.jpg\" width=\"720\" height=\"0\" decoding=\"async\" data-nimg=\"future\" loading=\"lazy\"><span class=\"epigraphe\">Fridericianum Museum en Kassel, Alemania. Foto: EFE<\/span><span class=\"bkg\"><\/span><span class=\"picture-open\"><button class=\"open-image\" aria-label=\"Open Image\"><\/button><\/span><\/picture><\/div>\n<div class=\"sc-851b591c-0 cCYlYU container-text\" readability=\"40\">\n<p>\nUn sistema que insiste en tal definici\u00f3n e ignora tanto la cr\u00edtica como la compasi\u00f3n \u00abha perdido su br\u00fajula moral\u00bb, explicita el curador, al tiempo que afirma que este antecedente va contra la \u00abhist\u00f3rica apertura de documenta\u00bb. \u00abPor lo tanto, no me siento capaz de cumplir con mis obligaciones para con documenta, una instituci\u00f3n por la que siento un gran afecto y que conozco bien desde hace m\u00e1s de veinte a\u00f1os\u00bb, escribe.<\/p>\n<\/div>\n<div class=\"sc-851b591c-0 cCYlYU container-text\" readability=\"39\">\n<p>\u00abCondeno inequ\u00edvocamente el terror desatado por Ham\u00e1s contra Israel, pero a su vez no puedo ignorar el brutal programa de exterminio que el gobierno israel\u00ed ha lanzado en represalia contra la poblaci\u00f3n civil palestina\u00bb, dice tambi\u00e9n Hoskot\u00e9 y sostiene que \u00abhoy m\u00e1s que nunca es necesario unir a las comunidades de Israel y Palestina, renunciar al excepcionalismo del sufrimiento de ambas partes y crear una solidaridad de duelo, una comunidad de vulnerabilidad compartida y un proceso de curaci\u00f3n y renovaci\u00f3n\u00bb.<\/p>\n<\/div>\n<p><h2>Otra renuncia<\/h2>\n<\/p>\n<div class=\"sc-851b591c-0 cCYlYU container-text\" readability=\"39\">\n<p>\nPor su parte, la artista, psicoanalista y te\u00f3rica israel\u00ed Bracha Lichtenberg Ettinger renunci\u00f3 el viernes debido a los \u00abtiempos oscuros\u00bb que corren, cita el medio alem\u00e1n. La dimisi\u00f3n se produjo ante la escalada del conflicto entre Israel y el grupo islamista palestino Hamas, aunque el comunicado institucional sostiene que ambos casos no est\u00e1n relacionados.<\/p>\n<\/div>\n<div class=\"sc-851b591c-0 cCYlYU container-text\" readability=\"37\">\n<p> \u00abEn su lugar, se refiere a las dificultades a las que se enfrenta para contribuir al trabajo del comit\u00e9 de b\u00fasqueda despu\u00e9s del 7 de octubre\u00bb, y si bien hab\u00eda solicitado interrumpir el proceso de selecci\u00f3n la decisi\u00f3n fue contraria a su petici\u00f3n, refleja el medio alem\u00e1n. <\/p>\n<\/div>\n<div class=\"sc-851b591c-0 cCYlYU container-text\" readability=\"36\">\n<p> \u00abEl mundo del arte tal como lo ve\u00edamos se ha derrumbado y fragmentado \u00bfQu\u00e9 puede aportar el arte a nuestros tiempos oscuros? La cuesti\u00f3n del sentido del ser humano est\u00e1 estrechamente ligada al sentido del arte. Los artistas no est\u00e1n ah\u00ed para ser accesorios decorativos de la pol\u00edtica. La funci\u00f3n del arte no es estetizar las ideas pol\u00edticas\u00bb, plante\u00f3 Lichtenberg Ettinger.<\/p>\n<\/div>\n<div class=\"sc-851b591c-0 cCYlYU container-text\" readability=\"33\">\n<p>\nEn declaraciones al semanario Der Spiegel la artista mencion\u00f3 que su dimisi\u00f3n no estaba relacionada con Hoskot\u00e9.<\/p>\n<\/div>\n<div class=\"sc-851b591c-0 cCYlYU container-text\" readability=\"39\">\n<p>Hoffmann por su parte declar\u00f3 que que los acontecimientos \u00abmuestran una vez m\u00e1s lo largo que sigue siendo el camino hacia un procesamiento coherente de la <strong>documenta 15<\/strong>. Es necesario un distanciamiento consecuente de cualquier forma de antisemitismo\u00bb, no pudiendo repetirse lo de la edici\u00f3n 15. En el Comit\u00e9 de selecci\u00f3n quedan como expertos internacionales en arte contempor\u00e1neo Gong Yan, Simon Njami, Kathrin Rhomberg, Mar\u00eda In\u00e9s Rodr\u00edguez.<\/p>\n<\/div>\n<div class=\"sc-851b591c-0 cCYlYU container-text\" readability=\"34\">\n<p>\nTras las renuncias quedan cuatro miembros en la Comisi\u00f3n de Investigaci\u00f3n de Documenta que tiene como funci\u00f3n el nombramiento de la Direcci\u00f3n Art\u00edstica que debe expedirse a fin de a\u00f1o y principios de 2024.<\/p>\n<\/div>\n","protected":false},"excerpt":{"rendered":"<p>La Documenta de Kassel, una de las exposiciones de arte contempor\u00e1neo m\u00e1s importantes del mundo que se realiza cada cinco a\u00f1os en esa ciudad alemana, suma un nuevo cap\u00edtulo referido al antisemitismo con la dimisi\u00f3n del curador Ranjit Hoskot\u00e9 y la artista israel\u00ed Bracha Lichtenberg Ettinger a la Comisi\u00f3n de Selecci\u00f3n de la 16 edici\u00f3n [&hellip;]<\/p>\n","protected":false},"author":1,"featured_media":64510,"comment_status":"closed","ping_status":"closed","sticky":false,"template":"","format":"standard","meta":[],"categories":[22],"tags":[],"_links":{"self":[{"href":"http:\/\/cordobateve.net\/index.php\/wp-json\/wp\/v2\/posts\/64509"}],"collection":[{"href":"http:\/\/cordobateve.net\/index.php\/wp-json\/wp\/v2\/posts"}],"about":[{"href":"http:\/\/cordobateve.net\/index.php\/wp-json\/wp\/v2\/types\/post"}],"author":[{"embeddable":true,"href":"http:\/\/cordobateve.net\/index.php\/wp-json\/wp\/v2\/users\/1"}],"replies":[{"embeddable":true,"href":"http:\/\/cordobateve.net\/index.php\/wp-json\/wp\/v2\/comments?post=64509"}],"version-history":[{"count":0,"href":"http:\/\/cordobateve.net\/index.php\/wp-json\/wp\/v2\/posts\/64509\/revisions"}],"wp:featuredmedia":[{"embeddable":true,"href":"http:\/\/cordobateve.net\/index.php\/wp-json\/wp\/v2\/media\/64510"}],"wp:attachment":[{"href":"http:\/\/cordobateve.net\/index.php\/wp-json\/wp\/v2\/media?parent=64509"}],"wp:term":[{"taxonomy":"category","embeddable":true,"href":"http:\/\/cordobateve.net\/index.php\/wp-json\/wp\/v2\/categories?post=64509"},{"taxonomy":"post_tag","embeddable":true,"href":"http:\/\/cordobateve.net\/index.php\/wp-json\/wp\/v2\/tags?post=64509"}],"curies":[{"name":"wp","href":"https:\/\/api.w.org\/{rel}","templated":true}]}}