{"id":64944,"date":"2023-11-18T23:00:18","date_gmt":"2023-11-18T23:00:18","guid":{"rendered":"http:\/\/cordobateve.net\/index.php\/2023\/11\/18\/cesar-gueikian-es-argentino-y-ceo-de-gibson-la-marca-de-guitarras-del-rock\/"},"modified":"2023-11-18T23:00:18","modified_gmt":"2023-11-18T23:00:18","slug":"cesar-gueikian-es-argentino-y-ceo-de-gibson-la-marca-de-guitarras-del-rock","status":"publish","type":"post","link":"http:\/\/cordobateve.net\/index.php\/2023\/11\/18\/cesar-gueikian-es-argentino-y-ceo-de-gibson-la-marca-de-guitarras-del-rock\/","title":{"rendered":"C\u00e9sar Gueikian es argentino y CEO de Gibson, la marca de guitarras del rock"},"content":{"rendered":"<div class=\"media_block\"><\/div>\n<p>A veces resulta inevitable no tener la sensaci\u00f3n de que <a target=\"_blank\" href=\"https:\/\/www.perfil.com\/noticias\/protagonistas\/argentina-es-el-lugar-ideal-para-que-cada-uno-cumpla-sus-suenos-dijo-bizarrap.phtml\" rel=\"noopener noreferrer\">Argentina ocupa un rol protag\u00f3nico<\/a>. Y es cierto que cada vez que se escucha que un connacional se destaca en alguna disciplina u ocupa una silla importante, es motivo de orgullo. Seguramente no solo mel\u00f3manos tengan presente lo que Gibson es y representa. Pero quiz\u00e1 pocos sepan que un argentino se convirti\u00f3 en CEO de Gibson Brands. S\u00ed, la marca de las guitarras de Jimmy Page y Angus Young tiene a <strong>C\u00e9sar Gueikian <\/strong>en ese puesto. Un fan\u00e1tico del rock desde chico y para quien su v\u00ednculo con las guitarras se fue intensificando con el tiempo. Gueikian est\u00e1 en Buenos Aires en el marco de la<strong> visita de Billy Gibbons <\/strong>\u2013guitarrista de ZZ Top\u2013, quien actu\u00f3 con La Mississippi; tambi\u00e9n para ver a su socio argentino, Jorge \u201cCorcho\u201d Rodr\u00edguez.<\/p>\n<div>\n<figure class=\"image\"><img alt=\"cesargueikianGibson\" height=\"500\" src=\"http:\/\/cordobateve.net\/wp-content\/uploads\/2023\/11\/cesar-gueikian-es-argentino-y-ceo-de-gibson-la-marca-de-guitarras-del-rock-1.jpg\" width=\"728\" loading=\"lazy\"><figcaption>C\u00e9sar Gueikian (der.) con Kirk Hammett, de Metallica.<\/figcaption><\/figure>\n<\/div>\n<p><strong>\u2014\u00bfC\u00f3mo fueron tus primeros contactos con la guitarra?<\/strong><br \/>\u2014Todo empez\u00f3 cuando ten\u00eda 10 a\u00f1os. Escuchando los discos que ten\u00eda mi pap\u00e1, me di cuenta de que hab\u00eda un instrumento que me gustaba en la m\u00fasica. \u00c9l siempre escuchaba a los <a target=\"_blank\" href=\"https:\/\/https:\/\/www.perfil.com\/noticias\/cultura\/lanzan-una-cancion-inedita-de-los-beatles-medio-siglo-despues-grabada-gracias-a-la-inteligencia-artificial.phtml\" rel=\"noopener noreferrer\">Beatles<\/a>, los Stones, entre otros. Y ten\u00eda uno que estaba cerrado: <strong>el primero de Black Sabbath, cu<\/strong>yo arte de la tapa me sorprendi\u00f3 mucho por la escasez de informaci\u00f3n que presentaba. Lo puse sin saber nada de la banda y desde ese d\u00eda<strong> nada volvi\u00f3 a ser lo mism<\/strong>o. Despu\u00e9s segu\u00ed con Pink Floyd y Led Zeppelin, luego AC\/DC, <a target=\"_blank\" href=\"https:\/\/https:\/\/www.perfil.com\/noticias\/criticas\/luz-camara-metallica.phtml\" rel=\"noopener noreferrer\">Metallica<\/a>, Alice in Chains, m\u00e1s tarde Tool, Guns N\u2019Roses, una banda muy importante en cuanto a mi relaci\u00f3n con la guitarra.<br \/><strong>\u2014Las bandas que mencion\u00e1s son las de los \u201ch\u00e9roes de la guitarra\u201d&#8230;<\/strong><br \/>\u2014Y, s\u00ed. El momento dram\u00e1tico para m\u00ed fue la aparici\u00f3n de Tony Iommi (de Black Sabbath). Despu\u00e9s lleg\u00f3 el tiempo de las bandas latinoamericanas, como <strong>Soda Stereo y Man\u00e1<\/strong>; particularmente estas dos me influenciaron. Ellos fueron el puente de entrada a la m\u00fasica de la regi\u00f3n, con el salto a las bandas de heavy metal, como Herm\u00e9tica, Animal o Riff. Y ah\u00ed me sucedi\u00f3 algo inverso, a trav\u00e9s de ellos entr\u00e9 a Sui Generis, y <strong>me llevaron a formar mi primera banda<\/strong>, con amigos que hoy son hermanos: y siempre grabando, tocando, escribiendo, solo por pasi\u00f3n por la m\u00fasica. Nunca quise que fuera mi fuente de ingreso, y sin embargo, trabajo con artistas y manejo una compa\u00f1\u00eda muy influyente en la cultura. Por eso tengo el <strong>privilegio de trabajar con algunos \u00eddolos<\/strong> y puedo darme algunos lujos.<br \/><strong>\u2014\u00bfC\u00f3mo qui\u00e9nes?<\/strong><br \/>\u2014Por ejemplo el 8 de diciembre saco una canci\u00f3n que escrib\u00ed junto a Serj Tankian, de System of a Down, y <strong>el solo lo hizo Tony Iommi<\/strong> (de Black Sabbath). Es un tema heavy y, como <strong>tengo ascendencia armenia<\/strong>, vamos a encauzar los ingresos. Mis abuelos eran chicos cuando se escaparon del genocidio. Tony, por su lado, apoy\u00f3 como fundador una escuela de m\u00fasica en Armenia. Todo lo que recaude ser\u00e1 donado a causas de reconstrucci\u00f3n all\u00ed. Serj y yo somos muy activos en cuanto al apoyo a la educaci\u00f3n, a la tecnolog\u00eda en Armenia. Serj es adem\u00e1s pintor e hizo el arte de la canci\u00f3n. Esa obra se va a rematar y lo que se logre recaudar tambi\u00e9n ir\u00e1 a Armenia.<\/p>\n<div>\n<figure class=\"image\"><img alt=\"cesargueikianGibson\" height=\"500\" src=\"http:\/\/cordobateve.net\/wp-content\/uploads\/2023\/11\/cesar-gueikian-es-argentino-y-ceo-de-gibson-la-marca-de-guitarras-del-rock-2.jpg\" width=\"728\" loading=\"lazy\"><figcaption>(De izq. a der.) Tony Iommi, de Black Sabbath, abraza a C\u00e9sar Gueikian.<\/figcaption><\/figure>\n<\/div>\n<p><strong>\u2014\u00bfTe gusta subirte al escenario a tocar?<\/strong><br \/>\u2014\u00a1Me encanta! Toqu\u00e9 &nbsp;con Kirk Hammett y Robert Trujillo (de Metallica); con Man\u00e1, Fito (Pa\u00e9z), entre otros. Si no conozco la canci\u00f3n, el trabajo de descomponerla para aprenderla y ejecutarla me resulta muy estimulante. Me gusta<strong> ver una canci\u00f3n como un instrumento <\/strong>que se puede desarmar, las veo como partes. Tanto el instrumento como las canciones coinciden en que son partes que cuando las pon\u00e9s todas juntas, la suma es mejor.<br \/><strong>\u2014\u00bfQu\u00e9 tiene una guitarra Gibson de diferencial?<\/strong><br \/>\u2014Creo que empieza con Orville Gibson, el fundador, que empez\u00f3 haciendo guitarras en 1894. Su objetivo era que todos los elementos de la guitarra estuvieran al servicio del sonido; esto es hacer el mejor instrumento posible. \u00c9l quer\u00eda crear un sonido m\u00e1s grande, por as\u00ed decirlo. Y en cierto momento se da cuenta de que <strong>los violines Stradivarius suenan m\u00e1s<\/strong> porque tienen un tallado trasero y delantero. Orville intenta aplicar eso en un mandol\u00edn y lo confirma. Y empieza a buscar c\u00f3mo se construye una guitarra para que no haya interrupci\u00f3n en la transferencia del sonido. Cuando un m\u00fasico toca con una Gibson, siente las vibraciones. No hay interrupci\u00f3n, no hay nada que separe las partes. Sumado a eso, son visualmente muy agradables. Y cuando los h\u00e9roes de guitarras las eligen, &nbsp;influencian al resto porque, de alguna manera<strong>, tambi\u00e9n escuchamos con los ojos.<\/strong><br \/><strong>\u2014\u00bfC\u00f3mo es la escuela de luthiers que tienen en Nashville?<\/strong><br \/>\u2014Una cosa es hacer una guitarra; otra, una Gibson. Y all\u00ed, los luthiers que tienen experiencia entrenan a los nuevos en el arte de hacer guitarras. Ese centro es fundamental para nosotros, porque para hacer una Gibson tenemos que seguir con nuestras tradiciones artesanales. Todos los viernes a la ma\u00f1ana voy a la f\u00e1brica y<strong> hago personalmente una guitarra desde el principio hasta el final. <\/strong>La &nbsp;termino y empiezo otra. Y eso que estamos en un momento de auge de lo digital.<\/p>\n<div>\n<figure class=\"image\"><img alt=\"cesargueikianGibson\" src=\"http:\/\/cordobateve.net\/wp-content\/uploads\/2023\/11\/cesar-gueikian-es-argentino-y-ceo-de-gibson-la-marca-de-guitarras-del-rock-3.jpg\" loading=\"lazy\"><figcaption>En Los \u00c1ngeles, C\u00e9sar Gueikian tocando con Man\u00e1.<\/figcaption><\/figure>\n<\/div>\n<p><strong>\u2014\u00bfC\u00f3mo influye eso en lo que ustedes hacen?<\/strong><br \/>\u2014<strong>La tecnolog\u00eda digital es muy importante <\/strong>porque nos ayuda a generar y a escribir m\u00fasica y a grabarla de manera m\u00e1s f\u00e1cil que hace quince o veinte a\u00f1os. Y ni hablar de las opciones para aprender a tocar guitarra. La tecnolog\u00eda est\u00e1 ayudando a que los interesados en la m\u00fasica puedan aprender m\u00e1s r\u00e1pido. Estas herramientas de aprendizaje propician que la gente aprenda a tocar y evolucione. Por otro lado, hay ciclos. Si hubi\u00e9ramos tenido esta conversaci\u00f3n en los 80, podr\u00edamos haber concluido que la guitarra est\u00e1 muerta.<br \/><strong>\u2014\u00bfPor el auge de los sintetizadores?<\/strong><br \/>\u2014Exacto. Y otra cosa que me parece espectacular es el uso de guitarras en g\u00e9neros donde no se la necesita. Tal el caso de estrellas pop com<a target=\"_blank\" href=\"https:\/\/https:\/\/www.perfil.com\/noticias\/protagonistas\/lali-esposito-taylor-swift-coinciden-en-oponerse-a-los-antiderechos-incorreccion-politica.phtml\" rel=\"noopener noreferrer\">o<strong> Taylor Swift, a quien le hicimos las guitarras para la gira<\/strong>.<\/a> Cuando la veo con su Gibson g180 o a Olivia Rodrigo o Post Malone incorporando ese sonido org\u00e1nico en la m\u00fasica que hacen me representa un shock de energ\u00eda porque en g\u00e9neros como el rock o el blues, en los que la guitarra es relevante, lo seguir\u00e1 siendo. Pero lo interesante es ver c\u00f3mo otros g\u00e9neros la incorporan.<br \/><strong>\u2014Es que por m\u00e1s minimalista que sea el sonido que se busca, si el instrumento es mejor, el sonido lo ser\u00e1.<\/strong><br \/>\u2014Sin dudas. Fijate a Luis Fonsi con su J 45. O Manuel Medrano, siempre con su Gibson. Creo que estamos en una etapa donde los artistas que hacen m\u00fasica popular est\u00e1n usando guitarras. Y esa es una muy buena noticia<\/p>\n<div class=\"article__tags\">\n<p>En esta Nota<\/p>\n<\/p><\/div>\n","protected":false},"excerpt":{"rendered":"<p>A veces resulta inevitable no tener la sensaci\u00f3n de que Argentina ocupa un rol protag\u00f3nico. Y es cierto que cada vez que se escucha que un connacional se destaca en alguna disciplina u ocupa una silla importante, es motivo de orgullo. Seguramente no solo mel\u00f3manos tengan presente lo que Gibson es y representa. Pero quiz\u00e1 [&hellip;]<\/p>\n","protected":false},"author":1,"featured_media":64945,"comment_status":"closed","ping_status":"closed","sticky":false,"template":"","format":"standard","meta":[],"categories":[22],"tags":[],"_links":{"self":[{"href":"http:\/\/cordobateve.net\/index.php\/wp-json\/wp\/v2\/posts\/64944"}],"collection":[{"href":"http:\/\/cordobateve.net\/index.php\/wp-json\/wp\/v2\/posts"}],"about":[{"href":"http:\/\/cordobateve.net\/index.php\/wp-json\/wp\/v2\/types\/post"}],"author":[{"embeddable":true,"href":"http:\/\/cordobateve.net\/index.php\/wp-json\/wp\/v2\/users\/1"}],"replies":[{"embeddable":true,"href":"http:\/\/cordobateve.net\/index.php\/wp-json\/wp\/v2\/comments?post=64944"}],"version-history":[{"count":0,"href":"http:\/\/cordobateve.net\/index.php\/wp-json\/wp\/v2\/posts\/64944\/revisions"}],"wp:featuredmedia":[{"embeddable":true,"href":"http:\/\/cordobateve.net\/index.php\/wp-json\/wp\/v2\/media\/64945"}],"wp:attachment":[{"href":"http:\/\/cordobateve.net\/index.php\/wp-json\/wp\/v2\/media?parent=64944"}],"wp:term":[{"taxonomy":"category","embeddable":true,"href":"http:\/\/cordobateve.net\/index.php\/wp-json\/wp\/v2\/categories?post=64944"},{"taxonomy":"post_tag","embeddable":true,"href":"http:\/\/cordobateve.net\/index.php\/wp-json\/wp\/v2\/tags?post=64944"}],"curies":[{"name":"wp","href":"https:\/\/api.w.org\/{rel}","templated":true}]}}