{"id":69102,"date":"2023-12-29T09:13:12","date_gmt":"2023-12-29T09:13:12","guid":{"rendered":"https:\/\/www.clarin.com\/cultura\/valor-ruinas_0_B0SblK5F8a.html"},"modified":"2023-12-29T09:13:12","modified_gmt":"2023-12-29T09:13:12","slug":"el-valor-de-las-ruinas","status":"publish","type":"post","link":"http:\/\/cordobateve.net\/index.php\/2023\/12\/29\/el-valor-de-las-ruinas\/","title":{"rendered":"El valor de las ruinas"},"content":{"rendered":"<p><img src=\"http:\/\/cordobateve.net\/wp-content\/uploads\/2023\/12\/el-valor-de-las-ruinas.jpg\"><\/p>\n<div class=\"sc-e07353e1-0 gEtdZe container-text\" readability=\"23.183673469388\">\n<p><strong><a href=\"https:\/\/www.clarin.com\/cultura\/homenaje-fundadora-reabrio-clasica-moderna_0_Tx41k3YVrl.html\" target=\"_self\" title=\"Reabri\u00f3 Cl\u00e1sica y Moderna\" alt=\"Reabri\u00f3 Cl\u00e1sica y Moderna\" rel=\"noopener noreferrer\">Reabri\u00f3 Cl\u00e1sica y Moderna<\/a><\/strong> y la Ciudad de Buenos Aires recuper\u00f3 un <strong>refugio cultural<\/strong>. Nada menos. <\/p>\n<\/div>\n<div class=\"sc-e07353e1-0 gEtdZe container-text\" readability=\"32.885813148789\">\n<p>Despu\u00e9s de masticar la buena noticia, pens\u00e9 en las <strong>ruinas<\/strong>. No fue \u00fanicamente porque me acord\u00e9 del derrumbe que muchos sentimos cuando Cl\u00e1sica <a href=\"https:\/\/www.clarin.com\/ciudades\/adios-clasica-moderna-simbolo-cultura-portena_0_tSbF2Bl2X.html\" target=\"_self\" title=\"baj\u00f3 la persiana en 2019\" alt=\"baj\u00f3 la persiana en 2019\" rel=\"noopener noreferrer\">baj\u00f3 la persiana en 2019<\/a>, tras m\u00e1s de <strong>80 a\u00f1os<\/strong> de vida. La asociaci\u00f3n se relaciona tambi\u00e9n con que <strong>su historia cuenta parte de la nuestra<\/strong>.<\/p>\n<\/div>\n<div class=\"sc-e07353e1-0 gEtdZe container-text\" readability=\"34\">\n<p>Todo podr\u00eda empezar a mitad del siglo XIX, cuando<strong> un chiquito fue arrancado de los brazos de su madre muerta<\/strong> y en su mente qued\u00f3 grabada la cuna verde donde tuvo sus primeros sue\u00f1os. <\/p>\n<\/div>\n<div class=\"sc-e07353e1-0 gEtdZe container-text\" readability=\"32.107438016529\">\n<p>Era <strong>Emilio Poblet Diez<\/strong>, quien lleg\u00f3 desde Espa\u00f1a en 1916 con el plan de abrir tres librer\u00edas sobre la avenida Callao. Justamente<em><a href=\"https:\/\/www.clarin.com\/literatura\/natu-poblet-clasica-y-moderna_0_B1ZeJWOsvmg.html\" target=\"_self\" title=\" La cuna verde se titul\u00f3 el libro \" alt=\" La cuna verde se titul\u00f3 el libro \" rel=\"noopener noreferrer\">La cuna verde<\/a><\/em><a href=\"https:\/\/www.clarin.com\/literatura\/natu-poblet-clasica-y-moderna_0_B1ZeJWOsvmg.html\" target=\"_self\" title=\" La cuna verde se titul\u00f3 el libro \" alt=\" La cuna verde se titul\u00f3 el libro \" rel=\"noopener noreferrer\"> se titul\u00f3 el libro <\/a>que su nieta, Natu Poblet, public\u00f3 en 2013 para que sus memorias perduraran.<\/p>\n<\/div>\n<div class=\"sc-181c85df-0 kKzRqv\"><picture class=\"sc-181c85df-1 hfxIOe\"><source media=\"(min-width: 975px)\" height=\"0\" width=\"720\" srcset=\"http:\/\/cordobateve.net\/wp-content\/uploads\/2023\/12\/el-valor-de-las-ruinas-2.jpg\"><img alt=\"Natu Poblet, refundadora de Cl\u00e1sica y Moderna. Archivo Clar\u00edn\" src=\"http:\/\/cordobateve.net\/wp-content\/uploads\/2023\/12\/el-valor-de-las-ruinas-2.jpg\" width=\"720\" height=\"0\" decoding=\"async\" data-nimg=\"future\" loading=\"lazy\"><span class=\"epigraphe\">Natu Poblet, refundadora de Cl\u00e1sica y Moderna. Archivo Clar\u00edn<\/span><span class=\"bkg\"><\/span><span class=\"picture-open\"><button class=\"open-image\" aria-label=\"Open Image\"><\/button><\/span><\/picture><\/div>\n<div class=\"sc-e07353e1-0 gEtdZe container-text\" readability=\"39\">\n<p>Emilio fue el padre de <strong>Francisco<\/strong>, quien fund\u00f3 Cl\u00e1sica en <strong>1938,<\/strong> con su mujer <strong>Rosa<\/strong>. Y ellos fueron ese mismo a\u00f1o padres de <strong>Natu<\/strong>, el alma de la gran <strong>refundaci\u00f3n de Cl\u00e1sica<\/strong>. Fue a partir de 1980, cuando junto a su hermano Paco empez\u00f3 a <strong>resucitar las tertulias, renovadas<\/strong>. <\/p>\n<\/div>\n<div class=\"sc-e07353e1-0 gEtdZe container-text\" readability=\"36\">\n<p>En Callao al 800 crearon la <strong>librer\u00eda-bar-rinconcito de buena m\u00fasica<\/strong> que nos qued\u00f3 grabada a tantos ac\u00e1, en Costa Rica o en Luxemburgo, entre otros lugares del mundo desde donde llegaron mensajes de apoyo cuando corri\u00f3 la noticia del cierre.<\/p>\n<\/div>\n<div class=\"sc-181c85df-0 kKzRqv\"><picture class=\"sc-181c85df-1 hfxIOe\"><source media=\"(min-width: 975px)\" height=\"0\" width=\"720\" srcset=\"http:\/\/cordobateve.net\/wp-content\/uploads\/2023\/12\/el-valor-de-las-ruinas-3.jpg\"><img alt=\"Reabri\u00f3 Cl\u00e1sica y Moderna. Gentileza C y M.\" src=\"http:\/\/cordobateve.net\/wp-content\/uploads\/2023\/12\/el-valor-de-las-ruinas-3.jpg\" width=\"720\" height=\"0\" decoding=\"async\" data-nimg=\"future\" loading=\"lazy\"><span class=\"epigraphe\">Reabri\u00f3 Cl\u00e1sica y Moderna. Gentileza C y M.<\/span><span class=\"bkg\"><\/span><span class=\"picture-open\"><button class=\"open-image\" aria-label=\"Open Image\"><\/button><\/span><\/picture><\/div>\n<div class=\"sc-e07353e1-0 gEtdZe container-text\" readability=\"38\">\n<p>Adem\u00e1s, Cl\u00e1sica atra\u00eda con las recomendaciones de Natu, lectora voraz, curiosa al punto de que dec\u00eda que parte de su decisi\u00f3n de dejar la arquitectura y desembarcar de lleno en el negocio familiar tuvo que ver con que <strong>hab\u00eda le\u00eddo a un mont\u00f3n de autores pero no conoc\u00eda personalmente a ninguno<\/strong>.<\/p>\n<\/div>\n<div class=\"sc-181c85df-0 kKzRqv\"><picture class=\"sc-181c85df-1 hfxIOe\"><source media=\"(min-width: 975px)\" height=\"0\" width=\"720\" srcset=\"http:\/\/cordobateve.net\/wp-content\/uploads\/2023\/12\/el-valor-de-las-ruinas-4.jpg\"><img alt=\"Cerrada. Cl\u00e1sica y Moderna en 2019. Archivo\" src=\"http:\/\/cordobateve.net\/wp-content\/uploads\/2023\/12\/el-valor-de-las-ruinas-4.jpg\" width=\"720\" height=\"0\" decoding=\"async\" data-nimg=\"future\" loading=\"lazy\"><span class=\"epigraphe\">Cerrada. Cl\u00e1sica y Moderna en 2019. Archivo<\/span><span class=\"bkg\"><\/span><span class=\"picture-open\"><button class=\"open-image\" aria-label=\"Open Image\"><\/button><\/span><\/picture><\/div>\n<div class=\"sc-e07353e1-0 gEtdZe container-text\" readability=\"39\">\n<p>Por eso, Cl\u00e1sica fue tambi\u00e9n un lugar adonde ir a <strong>buscar nuevos autores que siempre val\u00edan la pena<\/strong>, aparte de la <strong>\u201ccapital secreta de Buenos Aires<\/strong>\u201d para el escritor \u00c1lvaro Ab\u00f3s, bi\u00f3grafo clave de la Ciudad; una <strong>\u201cuniversidad en las sombras\u201d<\/strong> seg\u00fan el fil\u00f3sofo Santiago Kovadloff y \u201c<strong>sitio de encuentros y confidencias\u201d y de \u201cvaivenes de ideas\u201d<\/strong>, de acuerdo con el cr\u00edtico Ernesto Schoo.<\/p>\n<\/div>\n<div class=\"sc-e07353e1-0 gEtdZe container-text\" readability=\"38\">\n<p>En estos tiempos de \u201c<strong>cancelaciones<\/strong>\u201d, vale resaltar que Cl\u00e1sica fue <strong>plural<\/strong>. Dieron cursos <strong>David Vi\u00f1as, Josefina Delgado y Ricardo Piglia<\/strong>, por nombrar algunos, y se transform\u00f3 en un im\u00e1n para <strong>autores prohibidos durante la \u00faltima dictadura militar<\/strong>. <\/p>\n<\/div>\n<div class=\"sc-181c85df-0 kKzRqv\"><picture class=\"sc-181c85df-1 hfxIOe\"><source media=\"(min-width: 975px)\" height=\"0\" width=\"720\" srcset=\"http:\/\/cordobateve.net\/wp-content\/uploads\/2023\/12\/el-valor-de-las-ruinas-5.jpg\"><img alt=\"Raquel Rodrigo. Nueva due\u00f1a de Cl\u00e1sica y Moderna. Foto: Luciano Thieberger\" src=\"http:\/\/cordobateve.net\/wp-content\/uploads\/2023\/12\/el-valor-de-las-ruinas-5.jpg\" width=\"720\" height=\"0\" decoding=\"async\" data-nimg=\"future\" loading=\"lazy\"><span class=\"epigraphe\">Raquel Rodrigo. Nueva due\u00f1a de Cl\u00e1sica y Moderna. Foto: Luciano Thieberger<\/span><span class=\"bkg\"><\/span><span class=\"picture-open\"><button class=\"open-image\" aria-label=\"Open Image\"><\/button><\/span><\/picture><\/div>\n<div class=\"sc-e07353e1-0 gEtdZe container-text\" readability=\"34.736842105263\">\n<p>Natu muri\u00f3 poco m\u00e1s de dos a\u00f1os antes del cierre del local por deudas. Ahora <strong><a href=\"https:\/\/www.clarin.com\/cultura\/6000-libros-intactos-piano-sandro-reabre-clasica-moderna-simbolo-cultural-buenos-aires_0_T6JSzIlv1A.html\" target=\"_self\" title=\"Raquel Rodrigo\" alt=\"Raquel Rodrigo\" rel=\"noopener noreferrer\">Raquel Rodrigo<\/a><\/strong> -quien viene de rescatar el restaurante El Tropez\u00f3n (1896) y anunci\u00f3 que reabrir\u00e1 el ex Teatro 35- es la responsable de que renazca y <strong>haga su camino <\/strong>con esta historia<strong> <\/strong>de inmigrantes que fundaron una <strong>\u201cdinast\u00eda\u201d de libreros y contribuyeron a que las librer\u00edas sean un s\u00edmbolo porte\u00f1o<\/strong>, a cuestas.<\/p>\n<\/div>\n<div class=\"sc-181c85df-0 kKzRqv\"><picture class=\"sc-181c85df-1 hfxIOe\"><source media=\"(min-width: 975px)\" height=\"0\" width=\"720\" srcset=\"http:\/\/cordobateve.net\/wp-content\/uploads\/2023\/12\/el-valor-de-las-ruinas-6.jpg\"><img alt=\"Cl\u00e1sica y Moderna, en recuperaci\u00f3n. Gentileza C y M\" src=\"http:\/\/cordobateve.net\/wp-content\/uploads\/2023\/12\/el-valor-de-las-ruinas-6.jpg\" width=\"720\" height=\"0\" decoding=\"async\" data-nimg=\"future\" loading=\"lazy\"><span class=\"epigraphe\">Cl\u00e1sica y Moderna, en recuperaci\u00f3n. Gentileza C y M<\/span><span class=\"bkg\"><\/span><span class=\"picture-open\"><button class=\"open-image\" aria-label=\"Open Image\"><\/button><\/span><\/picture><\/div>\n<div class=\"sc-e07353e1-0 gEtdZe container-text\" readability=\"36\">\n<p>Con esto se vincula mi ocurrencia sobre las ruinas. Porque esos fragmentos incompletos de otros tiempos y otras vidas dejan claro que cuando las sociedades, incluso los imperios, se desmoronan <strong>lo \u00fanico que queda son testimonios de su cultura<\/strong>. Nada menos.<\/p>\n<\/div>\n","protected":false},"excerpt":{"rendered":"<p>Reabri\u00f3 Cl\u00e1sica y Moderna y la Ciudad de Buenos Aires recuper\u00f3 un refugio cultural. Nada menos. Despu\u00e9s de masticar la buena noticia, pens\u00e9 en las ruinas. No fue \u00fanicamente porque me acord\u00e9 del derrumbe que muchos sentimos cuando Cl\u00e1sica baj\u00f3 la persiana en 2019, tras m\u00e1s de 80 a\u00f1os de vida. La asociaci\u00f3n se relaciona [&hellip;]<\/p>\n","protected":false},"author":1,"featured_media":69103,"comment_status":"closed","ping_status":"closed","sticky":false,"template":"","format":"standard","meta":[],"categories":[22],"tags":[],"_links":{"self":[{"href":"http:\/\/cordobateve.net\/index.php\/wp-json\/wp\/v2\/posts\/69102"}],"collection":[{"href":"http:\/\/cordobateve.net\/index.php\/wp-json\/wp\/v2\/posts"}],"about":[{"href":"http:\/\/cordobateve.net\/index.php\/wp-json\/wp\/v2\/types\/post"}],"author":[{"embeddable":true,"href":"http:\/\/cordobateve.net\/index.php\/wp-json\/wp\/v2\/users\/1"}],"replies":[{"embeddable":true,"href":"http:\/\/cordobateve.net\/index.php\/wp-json\/wp\/v2\/comments?post=69102"}],"version-history":[{"count":0,"href":"http:\/\/cordobateve.net\/index.php\/wp-json\/wp\/v2\/posts\/69102\/revisions"}],"wp:featuredmedia":[{"embeddable":true,"href":"http:\/\/cordobateve.net\/index.php\/wp-json\/wp\/v2\/media\/69103"}],"wp:attachment":[{"href":"http:\/\/cordobateve.net\/index.php\/wp-json\/wp\/v2\/media?parent=69102"}],"wp:term":[{"taxonomy":"category","embeddable":true,"href":"http:\/\/cordobateve.net\/index.php\/wp-json\/wp\/v2\/categories?post=69102"},{"taxonomy":"post_tag","embeddable":true,"href":"http:\/\/cordobateve.net\/index.php\/wp-json\/wp\/v2\/tags?post=69102"}],"curies":[{"name":"wp","href":"https:\/\/api.w.org\/{rel}","templated":true}]}}