{"id":72862,"date":"2024-03-04T13:13:17","date_gmt":"2024-03-04T13:13:17","guid":{"rendered":"https:\/\/www.clarin.com\/cultura\/fernanda-laguna-bomba-ira-museo-reina-sofia_0_nONDOTaqMs.html"},"modified":"2024-03-04T13:13:17","modified_gmt":"2024-03-04T13:13:17","slug":"fernanda-laguna-y-su-bomba-ira-al-museo-reina-sofia","status":"publish","type":"post","link":"http:\/\/cordobateve.net\/index.php\/2024\/03\/04\/fernanda-laguna-y-su-bomba-ira-al-museo-reina-sofia\/","title":{"rendered":"Fernanda Laguna y su bomba: ir\u00e1 al Museo Reina Sof\u00eda"},"content":{"rendered":"<p><img src=\"http:\/\/cordobateve.net\/wp-content\/uploads\/2024\/03\/fernanda-laguna-y-su-bomba-ira-al-museo-reina-sofia.jpg\"><\/p>\n<div class=\"sc-e07353e1-0 gEtdZe container-text\" readability=\"34\">\n<p>El rumor creci\u00f3 hasta estallar y no fue una simple pompa: har\u00e1 ruido. El Museo Reina Sof\u00eda tendr\u00e1 <strong>la retrospectiva de una artista argentina, Fernanda Laguna<\/strong>. <\/p>\n<\/div>\n<div class=\"sc-e07353e1-0 gEtdZe container-text\" readability=\"37\">\n<p>Ser\u00e1 la primera argentina en ocupar 10 salas del Reina Sof\u00eda, uno de los principales museos espa\u00f1oles en importancia y patrimonio, <strong>hogar del Guernica de Picasso, <\/strong>entre otras piezas hoy sin\u00f3nimo del pa\u00eds. <\/p>\n<\/div>\n<div class=\"sc-181c85df-0 kKzRqv\"><picture class=\"sc-181c85df-1 hfxIOe\"><source media=\"(min-width: 975px)\" width=\"720\" height=\"480\" srcset=\"http:\/\/cordobateve.net\/wp-content\/uploads\/2024\/03\/fernanda-laguna-y-su-bomba-ira-al-museo-reina-sofia-2.jpg\"><img alt=\"Mi Pierrot, collage de Laguna, entre las adquisiciones del Reina Sof\u00eda. \" src=\"http:\/\/cordobateve.net\/wp-content\/uploads\/2024\/03\/fernanda-laguna-y-su-bomba-ira-al-museo-reina-sofia-2.jpg\" width=\"720\" height=\"480\" decoding=\"async\" data-nimg=\"future\" loading=\"lazy\"><span class=\"epigraphe\">Mi Pierrot, collage de Laguna, entre las adquisiciones del Reina Sof\u00eda. <\/span><span class=\"bkg\"><\/span><span class=\"picture-open\"><button class=\"open-image\" aria-label=\"Open Image\"><\/button><\/span><\/picture><\/div>\n<div class=\"sc-e07353e1-0 gEtdZe container-text\" readability=\"40\">\n<p>Ser\u00e1 en 2026, bajo la programaci\u00f3n del nuevo director del Reina, Manuel Segade. Nos cuenta Fernanda: \u201cTodo fue <strong>creciendo con \u00e9l de manera sostenida. A \u00e9l siempre le encant\u00f3 mi obra<\/strong>. Nos conocimos con Segade en un bar, durante una Bienal, y nos hicimos \u201creamigas\u201d. Segade no solo valora sus obras sino tambi\u00e9n su <strong>experiencia autogestiva pionera al frente de la galer\u00eda Belleza y Felicidad<\/strong>, desde 1999. \u00c9l ha sido el motor de compras institucionales de obras de Laguna para la colecci\u00f3n de la Comunidad de Madrid.<\/p>\n<\/div>\n<div class=\"sc-181c85df-0 kKzRqv\"><picture class=\"sc-181c85df-1 hfxIOe\"><source media=\"(min-width: 975px)\" width=\"720\" height=\"480\" srcset=\"http:\/\/cordobateve.net\/wp-content\/uploads\/2024\/03\/fernanda-laguna-y-su-bomba-ira-al-museo-reina-sofia-3.jpg\"><img alt=\"El &quot;Luis Miguel&quot;, de Laguna, en el Reina Sof\u00eda\" src=\"http:\/\/cordobateve.net\/wp-content\/uploads\/2024\/03\/fernanda-laguna-y-su-bomba-ira-al-museo-reina-sofia-3.jpg\" width=\"720\" height=\"480\" decoding=\"async\" data-nimg=\"future\" loading=\"lazy\"><span class=\"epigraphe\">El \u00abLuis Miguel\u00bb, de Laguna, en el Reina Sof\u00eda<\/span><span class=\"bkg\"><\/span><span class=\"picture-open\"><button class=\"open-image\" aria-label=\"Open Image\"><\/button><\/span><\/picture><\/div>\n<div class=\"sc-181c85df-0 kKzRqv\"><picture class=\"sc-181c85df-1 hfxIOe\"><source media=\"(min-width: 975px)\" width=\"720\" height=\"480\" srcset=\"http:\/\/cordobateve.net\/wp-content\/uploads\/2024\/03\/fernanda-laguna-y-su-bomba-ira-al-museo-reina-sofia-4.jpg\"><img alt=\"Uno de los collages de Laguna, en la colecci\u00f3n del CA2M.\" src=\"http:\/\/cordobateve.net\/wp-content\/uploads\/2024\/03\/fernanda-laguna-y-su-bomba-ira-al-museo-reina-sofia-4.jpg\" width=\"720\" height=\"480\" decoding=\"async\" data-nimg=\"future\" loading=\"lazy\"><span class=\"epigraphe\">Uno de los collages de Laguna, en la colecci\u00f3n del CA2M.<\/span><span class=\"bkg\"><\/span><span class=\"picture-open\"><button class=\"open-image\" aria-label=\"Open Image\"><\/button><\/span><\/picture><\/div>\n<div class=\"sc-e07353e1-0 gEtdZe container-text\" readability=\"43\">\n<p>El nombre Fernanda Laguna, porte\u00f1a y nacida en 1972, puede sorprender pero solo en nuestro pa\u00eds; ha tenido muy importantes adquisiciones, entre ellas, 8 obras suyas est\u00e1n hoy en el Reina Sof\u00eda. Se trata de <strong>una artista de mediana carrera<\/strong>, con una obra de peque\u00f1o formato en dibujo, pintura y collages que combinan <strong>el imaginario surrealista con visiones y referencias intimistas del universo femenino,<\/strong> cercanas al camp y la cultura popular, hoy habilitadas por las nuevas lecturas del siglo XX y bajo las marcas progresistas del <em>queer<\/em> y el feminismo.<\/p>\n<\/div>\n<div class=\"sc-9bd8e853-0 hbENCl\">\n<div class=\"separator-title\">\n<div class=\"sc-d2cf1b00-0 iefDnJ sepFullAdaptive\">\n<hr>\n<div class=\"sc-d2cf1b00-1 efKqtw sepFullAdaptive\">\n<p><h2 class=\"sep\">Mir\u00e1 tambi\u00e9n<\/h2>\n<\/p>\n<\/div>\n<\/div>\n<\/div>\n<div class=\"inner-card-m\" readability=\"6\">\n<div class=\"related-content\" readability=\"7\">\n<p><span class=\"body-title\">Mir\u00e1 tambi\u00e9n<\/span><\/p>\n<h3>El MoMA sum\u00f3 a su colecci\u00f3n 25 dibujos de la argentina Fernanda Laguna<\/h3>\n<source media=\"(min-width: 975px)\" width=\"340\" height=\"340\" srcset=\"http:\/\/cordobateve.net\/wp-content\/uploads\/2024\/03\/fernanda-laguna-y-su-bomba-ira-al-museo-reina-sofia-5.jpg\"><img alt=\"El MoMA sum\u00f3 a su colecci\u00f3n 25 dibujos de la argentina Fernanda Laguna\" src=\"http:\/\/cordobateve.net\/wp-content\/uploads\/2024\/03\/fernanda-laguna-y-su-bomba-ira-al-museo-reina-sofia-5.jpg\" width=\"340\" height=\"340\" decoding=\"async\" data-nimg=\"future\" loading=\"lazy\"><\/div>\n<\/div>\n<\/div>\n<div class=\"sc-181c85df-0 kKzRqv\"><picture class=\"sc-181c85df-1 hfxIOe\"><source media=\"(min-width: 975px)\" width=\"720\" height=\"480\" srcset=\"http:\/\/cordobateve.net\/wp-content\/uploads\/2024\/03\/fernanda-laguna-y-su-bomba-ira-al-museo-reina-sofia-6.jpg\"><img alt=\"Fernanda Laguna, &quot;No me llames&quot;. En el CA2M\" src=\"http:\/\/cordobateve.net\/wp-content\/uploads\/2024\/03\/fernanda-laguna-y-su-bomba-ira-al-museo-reina-sofia-6.jpg\" width=\"720\" height=\"480\" decoding=\"async\" data-nimg=\"future\" loading=\"lazy\"><span class=\"epigraphe\">Fernanda Laguna, \u00abNo me llames\u00bb. En el CA2M<\/span><span class=\"bkg\"><\/span><span class=\"picture-open\"><button class=\"open-image\" aria-label=\"Open Image\"><\/button><\/span><\/picture><\/div>\n<div class=\"sc-e07353e1-0 gEtdZe container-text\" readability=\"42\">\n<p>Emergida del circuito under, la obra de Laguna <strong>entusiasma a los museos y coleccionistas del exterior, <\/strong>pese a que su consagraci\u00f3n dom\u00e9stica se ha demostrado m\u00e1s trabajosa. Por ejemplo, en El Tercer Ojo, la colecci\u00f3n personal de Eduardo Costantini expuesta en el Malba, solo hay un collage de Laguna \u2013y convengamos que exhibido un poquito a desgano\u2013. Su suerte <strong>dio un vuelco cuando la galerista Nora Fisch la acogi\u00f3 <\/strong>en sus filas; acutalmente hay una muestra de sus obras. En los \u00faltimos a\u00f1os, experimenta un verdadero boom, con importantes muestras y compras institucionales del MoMA de Nueva York y otras colecciones estadounidenses. <\/p>\n<\/div>\n<div class=\"sc-e07353e1-0 gEtdZe container-text\" readability=\"37\">\n<p>Esta retrospectiva ser\u00e1 parte del <strong>programa de modernizaci\u00f3n<\/strong> que se propone el nuevo director <strong>Manuel Segade<\/strong>. Se trata del curador que antes hizo crecer el Centro de Arte Dos de Mayo (CA2M), en el suburbio de M\u00f3stoles. Tras el prolongado y enervante cabildeo que sigui\u00f3 a la renuncia del hist\u00f3rico Manuel Borja-Vilel, en 2023 Segade fue el elegido para el Reina Sof\u00eda.<\/p>\n<\/div>\n<div class=\"sc-e07353e1-0 gEtdZe container-text\" readability=\"39\">\n<p>Se trata de un curador siempre cercano y <strong>muy conocedor del arte contempor\u00e1neo de Am\u00e9rica latina, <\/strong>de lazos con nuestro pa\u00eds. Una de sus \u00faltimas muestras en el C2M fue \u00abT\u00e1ctica Sint\u00e1ctica\u00bb, de Diego Bianchi. De su antigua programaci\u00f3n all\u00ed subi\u00f3 este domingo \u00abTembl\u00f3 ac\u00e1 un delirio\u00bb, la gran muestra de Ana Gallardo, artista argen-mex de clara inspiraci\u00f3n feminista.<\/p>\n<\/div>\n<div class=\"sc-181c85df-0 kKzRqv\"><picture class=\"sc-181c85df-1 hfxIOe\"><source media=\"(min-width: 975px)\" width=\"720\" height=\"480\" srcset=\"http:\/\/cordobateve.net\/wp-content\/uploads\/2024\/03\/fernanda-laguna-y-su-bomba-ira-al-museo-reina-sofia-7.jpg\"><img alt=\"&quot;Fernanda, Mami son un sue\u00f1o&quot;, de Laguna.\" src=\"http:\/\/cordobateve.net\/wp-content\/uploads\/2024\/03\/fernanda-laguna-y-su-bomba-ira-al-museo-reina-sofia-7.jpg\" width=\"720\" height=\"480\" decoding=\"async\" data-nimg=\"future\" loading=\"lazy\"><span class=\"epigraphe\">\u00abFernanda, Mami son un sue\u00f1o\u00bb, de Laguna.<\/span><span class=\"bkg\"><\/span><span class=\"picture-open\"><button class=\"open-image\" aria-label=\"Open Image\"><\/button><\/span><\/picture><\/div>\n<div class=\"sc-e07353e1-0 gEtdZe container-text\" readability=\"37\">\n<p>Un hito importante para Laguna fue la presencia de obras suyas en el stand de Fisch en <strong>ARCOmadrid 2017, <\/strong>en la que Argentina fue el pa\u00eds Invitado de Honor. Y no hay modo de subestimar esa edici\u00f3n de la gran feria espa\u00f1ola para la escena audiovisual argentina: <strong>fue un antes y un despu\u00e9s. <\/strong>En pocos a\u00f1os ha desencadenado numerosas compras institucionales y dio gran impulso a la <strong>internacionalizaci\u00f3n del arte argentino, <\/strong>asediado por cada una de las cat\u00e1str\u00f3fes econ\u00f3micas de estos veinte a\u00f1os<strong>.<\/strong><\/p>\n<\/div>\n<div class=\"sc-9bd8e853-0 hbENCl\">\n<div class=\"separator-title\">\n<div class=\"sc-d2cf1b00-0 iefDnJ sepFullAdaptive\">\n<hr>\n<div class=\"sc-d2cf1b00-1 efKqtw sepFullAdaptive\">\n<p><h2 class=\"sep\">Mir\u00e1 tambi\u00e9n<\/h2>\n<\/p>\n<\/div>\n<\/div>\n<\/div>\n<div class=\"inner-card-m\" readability=\"6\">\n<div class=\"related-content\" readability=\"7\">\n<p><span class=\"body-title\">Mir\u00e1 tambi\u00e9n<\/span><\/p>\n<h3>Tan kitsch y tan conceptual<\/h3>\n<source media=\"(min-width: 975px)\" width=\"340\" height=\"340\" srcset=\"http:\/\/cordobateve.net\/wp-content\/uploads\/2024\/03\/fernanda-laguna-y-su-bomba-ira-al-museo-reina-sofia-8.jpg\"><img alt=\"Tan kitsch y tan conceptual\" src=\"http:\/\/cordobateve.net\/wp-content\/uploads\/2024\/03\/fernanda-laguna-y-su-bomba-ira-al-museo-reina-sofia-8.jpg\" width=\"340\" height=\"340\" decoding=\"async\" data-nimg=\"future\" loading=\"lazy\"><\/div>\n<\/div>\n<\/div>\n<div class=\"sc-181c85df-0 kKzRqv\"><picture class=\"sc-181c85df-1 hfxIOe\"><source media=\"(min-width: 975px)\" width=\"720\" height=\"480\" srcset=\"http:\/\/cordobateve.net\/wp-content\/uploads\/2024\/03\/fernanda-laguna-y-su-bomba-ira-al-museo-reina-sofia-9.jpg\"><img alt=\"Laguna, la principal promotora del espacio Belleza y Felicidad, en los preludios de la gran crisis del 2021.\" src=\"http:\/\/cordobateve.net\/wp-content\/uploads\/2024\/03\/fernanda-laguna-y-su-bomba-ira-al-museo-reina-sofia-9.jpg\" width=\"720\" height=\"480\" decoding=\"async\" data-nimg=\"future\" loading=\"lazy\"><span class=\"epigraphe\">Laguna, la principal promotora del espacio Belleza y Felicidad, en los preludios de la gran crisis del 2021.<\/span><span class=\"bkg\"><\/span><span class=\"picture-open\"><button class=\"open-image\" aria-label=\"Open Image\"><\/button><\/span><\/picture><\/div>\n<div class=\"sc-e07353e1-0 gEtdZe container-text\" readability=\"48\">\n<p>Adem\u00e1s de su obra, Fernanda Laguna ha sido fact\u00f3tum de una experiencia de 1999 hoy <strong>valorada como anticipatoria<\/strong>, Belleza y Felicidad, aquel local de Acu\u00f1a de Figueroa y Guardia Vieja, una desangelada esquina de persianas met\u00e1licas, mezcla de galer\u00eda y bazar de miscel\u00e1neos. De esa iniciativa autoafirmatoria, que fue espacio de un <em>coming out <\/em>generacional, emergieron un pu\u00f1ado de jovenc\u00edsimos artistas: expusieron all\u00ed sus primeras piezas, a precio de ganga, artistas como Adri\u00e1n Villar Rojas, el fot\u00f3grafo Alberto Goldenstein, Flavia Da Rin y Marcelo Pombo, entre otros. Cuenta Fernanda Laguna que la muestra del Reina Sof\u00eda recuperar\u00e1 no solo su obra sino que se propone reconstruir <strong>ese clima art\u00edstico<\/strong>, mediante videos de las performances y todas las publicaciones.<\/p>\n<\/div>\n<div class=\"sc-181c85df-0 kKzRqv\"><picture class=\"sc-181c85df-1 hfxIOe\"><source media=\"(min-width: 975px)\" width=\"720\" height=\"480\" srcset=\"http:\/\/cordobateve.net\/wp-content\/uploads\/2024\/03\/fernanda-laguna-y-su-bomba-ira-al-museo-reina-sofia-10.jpg\"><img alt=\"En el espacio El Universo. \" src=\"http:\/\/cordobateve.net\/wp-content\/uploads\/2024\/03\/fernanda-laguna-y-su-bomba-ira-al-museo-reina-sofia-10.jpg\" width=\"720\" height=\"480\" decoding=\"async\" data-nimg=\"future\" loading=\"lazy\"><span class=\"epigraphe\">En el espacio El Universo. <\/span><span class=\"bkg\"><\/span><span class=\"picture-open\"><button class=\"open-image\" aria-label=\"Open Image\"><\/button><\/span><\/picture><\/div>\n","protected":false},"excerpt":{"rendered":"<p>El rumor creci\u00f3 hasta estallar y no fue una simple pompa: har\u00e1 ruido. El Museo Reina Sof\u00eda tendr\u00e1 la retrospectiva de una artista argentina, Fernanda Laguna. Ser\u00e1 la primera argentina en ocupar 10 salas del Reina Sof\u00eda, uno de los principales museos espa\u00f1oles en importancia y patrimonio, hogar del Guernica de Picasso, entre otras piezas [&hellip;]<\/p>\n","protected":false},"author":1,"featured_media":72863,"comment_status":"closed","ping_status":"closed","sticky":false,"template":"","format":"standard","meta":[],"categories":[22],"tags":[],"_links":{"self":[{"href":"http:\/\/cordobateve.net\/index.php\/wp-json\/wp\/v2\/posts\/72862"}],"collection":[{"href":"http:\/\/cordobateve.net\/index.php\/wp-json\/wp\/v2\/posts"}],"about":[{"href":"http:\/\/cordobateve.net\/index.php\/wp-json\/wp\/v2\/types\/post"}],"author":[{"embeddable":true,"href":"http:\/\/cordobateve.net\/index.php\/wp-json\/wp\/v2\/users\/1"}],"replies":[{"embeddable":true,"href":"http:\/\/cordobateve.net\/index.php\/wp-json\/wp\/v2\/comments?post=72862"}],"version-history":[{"count":0,"href":"http:\/\/cordobateve.net\/index.php\/wp-json\/wp\/v2\/posts\/72862\/revisions"}],"wp:featuredmedia":[{"embeddable":true,"href":"http:\/\/cordobateve.net\/index.php\/wp-json\/wp\/v2\/media\/72863"}],"wp:attachment":[{"href":"http:\/\/cordobateve.net\/index.php\/wp-json\/wp\/v2\/media?parent=72862"}],"wp:term":[{"taxonomy":"category","embeddable":true,"href":"http:\/\/cordobateve.net\/index.php\/wp-json\/wp\/v2\/categories?post=72862"},{"taxonomy":"post_tag","embeddable":true,"href":"http:\/\/cordobateve.net\/index.php\/wp-json\/wp\/v2\/tags?post=72862"}],"curies":[{"name":"wp","href":"https:\/\/api.w.org\/{rel}","templated":true}]}}