{"id":74454,"date":"2024-03-25T14:01:41","date_gmt":"2024-03-25T14:01:41","guid":{"rendered":"https:\/\/www.clarin.com\/cultura\/artista-adriana-bustos-pinto-constelacion-acceso-edificio-caballito_0_u33biAtrSZ.html"},"modified":"2024-03-25T14:01:41","modified_gmt":"2024-03-25T14:01:41","slug":"la-artista-adriana-bustos-pinto-una-constelacion-en-el-acceso-a-un-edificio-de-caballito","status":"publish","type":"post","link":"http:\/\/cordobateve.net\/index.php\/2024\/03\/25\/la-artista-adriana-bustos-pinto-una-constelacion-en-el-acceso-a-un-edificio-de-caballito\/","title":{"rendered":"La artista Adriana Bustos pint\u00f3 una constelaci\u00f3n en el acceso a un edificio de Caballito"},"content":{"rendered":"<p><img src=\"http:\/\/cordobateve.net\/wp-content\/uploads\/2024\/03\/la-artista-adriana-bustos-pinto-una-constelacion-en-el-acceso-a-un-edificio-de-caballito.jpg\"><\/p>\n<div class=\"sc-fe41104-0 iJNYzW container-text\" readability=\"35.536480686695\">\n<p>Una <strong>constelaci\u00f3n de s\u00edmbolos barriales<\/strong>, de 30 metros de largo, pintadas por una de las artistas argentinas contempor\u00e1neas m\u00e1s importantes, en un cielorraso que invita a perderse con la imaginaci\u00f3n. As\u00ed es <strong><em>Mundo imaginal<\/em><\/strong>, la intervenci\u00f3n pict\u00f3rica que cre\u00f3 <strong><a href=\"https:\/\/www.clarin.com\/revista-n\/firma-adriana-bustos-constelacion-nombres-propios-eventos-tapa-n-1000_0_694hAocJzM.html\" target=\"_self\" title=\"Adriana Bustos\" alt=\"Adriana Bustos\" rel=\"noopener noreferrer\">Adriana Bustos<\/a><\/strong> para uno de los edificios de la firma Azcuy, un proyecto que fue galardonado con el premio que entrega la empresa constructora en asociaci\u00f3n con el<strong><a href=\"https:\/\/www.clarin.com\/tema\/museo-de-arte-moderno.html\" target=\"_self\" title=\" Museo de Arte Moderno de Buenos Aires.\" alt=\" Museo de Arte Moderno de Buenos Aires.\" rel=\"noopener noreferrer\">Museo de Arte Moderno de Buenos Aires.<\/a><\/strong><\/p>\n<\/div>\n<div class=\"sc-fed1235d-0 cJeYLt\"><picture class=\"sc-fed1235d-1 frqAaA\"><source media=\"(min-width: 975px)\" width=\"720\" height=\"480\" srcset=\"http:\/\/cordobateve.net\/wp-content\/uploads\/2024\/03\/la-artista-adriana-bustos-pinto-una-constelacion-en-el-acceso-a-un-edificio-de-caballito-2.jpg\"><img alt=\"Mundo imaginal, la intervenci\u00f3n pict\u00f3rica que cre\u00f3 Adriana Bustos para un edificio. Foto: Gentileza Estudio Azcuy.\" src=\"http:\/\/cordobateve.net\/wp-content\/uploads\/2024\/03\/la-artista-adriana-bustos-pinto-una-constelacion-en-el-acceso-a-un-edificio-de-caballito-2.jpg\" width=\"720\" height=\"480\" decoding=\"async\" data-nimg=\"future\" loading=\"lazy\"><span class=\"epigraphe\">Mundo imaginal, la intervenci\u00f3n pict\u00f3rica que cre\u00f3 Adriana Bustos para un edificio. Foto: Gentileza Estudio Azcuy.<\/span><span class=\"bkg\"><\/span><span class=\"picture-open\"><button class=\"open-image\" aria-label=\"Open Image\"><\/button><\/span><\/picture><\/div>\n<div class=\"sc-fe41104-0 iJNYzW container-text\" readability=\"41\">\n<p>Bustos particip\u00f3 de una recorrida junto a prensa, curadores e inquilinos del edificio con quienes comparti\u00f3 la g\u00e9nesis de su obra, un trabajo que toma caracter\u00edsticas de las ciudades contempor\u00e1neas atravesadas por procesos de construcci\u00f3n, destrucci\u00f3n, restauraci\u00f3n y conservaci\u00f3n. \u00abTodo esto hace que nuestros<strong> paisajes urbanos<\/strong> est\u00e9n en un constante movimiento, hay una p\u00e9rdida de referencia espacial porque los paisajes urbanos<strong> cambian permanentemente<\/strong>\u201d, reflexion\u00f3 en di\u00e1logo con <strong>Clar\u00edn Cultura.<\/strong><\/p>\n<\/div>\n<div class=\"sc-fe41104-0 iJNYzW container-text\" readability=\"37\">\n<p>Un elemento que la artista tom\u00f3 como referencia fue la ubicaci\u00f3n del edificio, en la frontera que separa a <strong>los barrios de Caballito y Flores<\/strong>, donde la burocracia del catastro no impide las porosidades de costumbres, historias urbanas y pr\u00e1cticas culturales.<\/p>\n<\/div>\n<p><cite class=\"author-cite\" readability=\"4\"><\/p>\n<p>Nuestros paisajes urbanos est\u00e1n en un constante movimiento, hay una p\u00e9rdida de referencia espacial porque los paisajes urbanos cambian permanentemente.<\/p>\n<div class=\"author-container\">\n<p><span class=\"author-name\">Adriana Bustos<\/span><span>Artista<\/span><\/p>\n<\/div>\n<p><\/cite><\/p>\n<div class=\"sc-fe41104-0 iJNYzW container-text\" readability=\"37.308673469388\">\n<p>Bustos se sumergi\u00f3 entonces en una <strong>profunda investigaci\u00f3n<\/strong> para dar con <strong>efem\u00e9rides <\/strong>que inspirar\u00e1n las escenas que plasm\u00f3 luego en el cielorraso, dividido en dos partes, una para cada barrio, unidas por un r\u00edo imaginario \u2013similar al que se pudo ver el a\u00f1o pasado en <strong>su muestra <a href=\"https:\/\/www.clarin.com\/cultura\/-america-adriana-bustos-exhibe-cosmovisiones-continente-mapa-metros_0_WpWU6sLiud.html\" target=\"_self\" title=\"Am\u00e9rica en MARCO\" alt=\"Am\u00e9rica en MARCO\" rel=\"noopener noreferrer\">Am\u00e9rica en MARCO<\/a><\/strong>\u2013 que surge como gui\u00f1o al tema que se escogi\u00f3 para el paisajismo del edificio, el agua.<\/p>\n<\/div>\n<div class=\"sc-fe41104-0 iJNYzW container-text\" readability=\"33.514150943396\">\n<p>El <strong>agua <\/strong>fue importante para <a href=\"https:\/\/www.clarin.com\/tema\/caballito.html\" target=\"_self\" title=\"Caballito \" alt=\"Caballito \" rel=\"noopener noreferrer\">Caballito <\/a>porque adem\u00e1s de pasar por all\u00ed uno de los<strong> tantos arroyos que atravesaba la ciudad,<\/strong> en el barrio se mont\u00f3 el primer dep\u00f3sito de agua de la Ciudad de Buenos Aires en 1915.<\/p>\n<\/div>\n<p><h2>Por la huella del Camino Real<\/h2>\n<\/p>\n<div class=\"sc-fe41104-0 iJNYzW container-text\" readability=\"37\">\n<p>En su investigaci\u00f3n abord\u00f3<strong> temas culturales, pol\u00edticos y sociales<\/strong> de los barrios. Dio con historias que se remontan a la \u00e9poca de la <strong>colonia<\/strong>, descubri\u00f3 que por all\u00ed pasaba el Camino Real que <strong>un\u00eda al Alto Per\u00fa<\/strong> con el puerto de Buenos Aires y que a pocas cuadras se firm\u00f3 el Pacto de San Jos\u00e9 de Flores.<\/p>\n<\/div>\n<div class=\"sc-fed1235d-0 cJeYLt\"><picture class=\"sc-fed1235d-1 frqAaA\"><source media=\"(min-width: 975px)\" width=\"720\" height=\"480\" srcset=\"http:\/\/cordobateve.net\/wp-content\/uploads\/2024\/03\/la-artista-adriana-bustos-pinto-una-constelacion-en-el-acceso-a-un-edificio-de-caballito-3.jpg\"><img alt=\"Mundo imaginal, la intervenci\u00f3n pict\u00f3rica que cre\u00f3 Adriana Bustos para un edificio. Foto: Gentileza Estudio Azcuy.\" src=\"http:\/\/cordobateve.net\/wp-content\/uploads\/2024\/03\/la-artista-adriana-bustos-pinto-una-constelacion-en-el-acceso-a-un-edificio-de-caballito-3.jpg\" width=\"720\" height=\"480\" decoding=\"async\" data-nimg=\"future\" loading=\"lazy\"><span class=\"epigraphe\">Mundo imaginal, la intervenci\u00f3n pict\u00f3rica que cre\u00f3 Adriana Bustos para un edificio. Foto: Gentileza Estudio Azcuy.<\/span><span class=\"bkg\"><\/span><span class=\"picture-open\"><button class=\"open-image\" aria-label=\"Open Image\"><\/button><\/span><\/picture><\/div>\n<div class=\"sc-fe41104-0 iJNYzW container-text\" readability=\"35\">\n<p>Tambi\u00e9n que<strong> el cad\u00e1ver de Facundo Quiroga<\/strong> repos\u00f3 durante algunos d\u00edas en la Bas\u00edlica de San Jos\u00e9 de Flores y que las calles de Caballito fueron testigo del amor clandestino entre<strong> el anarquista Severino Di Giovanni<\/strong> y la poeta adolescente Am\u00e9rica Scarf\u00f3. Otro amor no correspondido habr\u00eda sucedido en lo que hoy es el Parque Rivadavia y de esa historia que se convirti\u00f3 en tragedia hoy quedan historias de fantasmas y esp\u00edritus.<\/p>\n<\/div>\n<div class=\"sc-fe41104-0 iJNYzW container-text\" readability=\"36\">\n<p>La artista aprovech\u00f3 la columna que separa el espacio en dos para destinar cada espacio \u2013o como los llama ella, dos <strong>planiferios<\/strong>\u2013 a cada uno de los barrios, unidos a su vez por <strong>un r\u00edo imaginario.<\/strong><\/p>\n<\/div>\n<div class=\"sc-fe41104-0 iJNYzW container-text\" readability=\"34\">\n<p>Pensando tambi\u00e9n en la locaci\u00f3n geogr\u00e1fica indeterminada concibi\u00f3 la idea de incorporar<strong> una referencia permanente: las estrellas<\/strong>. En cada lado coloc\u00f3 dos medias esferas con dibujos de distintas constelaciones.<\/p>\n<\/div>\n<div class=\"sc-fe41104-0 iJNYzW container-text\" readability=\"34.882530120482\">\n<p>Uno es el cielo refleja como se ve\u00eda el 31 de mayo de 1821, el d\u00eda que se considera que <strong>fund\u00f3 el barrio de Caballito<\/strong>; el otro cielo estrellado pertenece al 6 de mayo de 1806, d\u00eda que se <strong>inaugur\u00f3 la <a href=\"https:\/\/www.clarin.com\/tema\/basilica-san-jose-de-flores.html\" target=\"_self\" title=\"Bas\u00edlica de Flores\" alt=\"Bas\u00edlica de Flores\" rel=\"noopener noreferrer\">Bas\u00edlica de Flores<\/a><\/strong> que luego dar\u00eda nombre a la zona. Y a cada constelaci\u00f3n le asign\u00f3 un hecho hist\u00f3rico vinculado al barrio.<\/p>\n<\/div>\n<p><h2>Licencias geogr\u00e1ficas<\/h2>\n<\/p>\n<div class=\"sc-fe41104-0 iJNYzW container-text\" readability=\"38\">\n<p>Bustos se permiti\u00f3 algunas licencias geogr\u00e1ficas al <strong>incorporar figuras hist\u00f3ricas <\/strong>que no est\u00e1n relacionadas con la locaci\u00f3n, como los escritores <strong>Roberto Arlt y Julio Cort\u00e1zar<\/strong>; reproducciones de los dibujos del alem\u00e1n Ulrico Schmidl, que acompa\u00f1\u00f3 a Pedro de Mendoza en su viaje al R\u00edo de la Plata y particip\u00f3 de la primera fundaci\u00f3n de la Ciudad de Buenos Aires, sobre el fuerte que se hab\u00eda instalado en estas tierras; y hero\u00ednas de la Independencia como <strong>Juana Azurduy y Mar\u00eda Remedios del Valle.<\/strong><\/p>\n<\/div>\n<div class=\"sc-fe41104-0 iJNYzW container-text\" readability=\"37\">\n<p>La artista trabaj\u00f3 como siempre lo hace con <strong>im\u00e1genes de archivo<\/strong> de las historias que hall\u00f3 durante su investigaci\u00f3n, que luego reprodujo en el cielorraso del hall de ingreso del edificio. Son reproducciones f\u00e1cilmente distinguibles para la gente que posibilita que la distancia entre la obra y el espectador se acorte, m\u00e1s si se tiene en cuenta que fue un proyecto para ser instalado en <strong>un espacio at\u00edpico para el arte<\/strong> y de acceso a todo p\u00fablico.<\/p>\n<\/div>\n<div class=\"sc-fed1235d-0 cJeYLt\"><picture class=\"sc-fed1235d-1 frqAaA\"><source media=\"(min-width: 975px)\" width=\"720\" height=\"480\" srcset=\"http:\/\/cordobateve.net\/wp-content\/uploads\/2024\/03\/la-artista-adriana-bustos-pinto-una-constelacion-en-el-acceso-a-un-edificio-de-caballito-4.jpg\"><img alt=\"Adriana Bustos en la recorrida por Mundo imaginal, la intervenci\u00f3n pict\u00f3rica que la artista cre\u00f3 para un edificio. Foto: Gentileza Estudio Azcuy.\" src=\"http:\/\/cordobateve.net\/wp-content\/uploads\/2024\/03\/la-artista-adriana-bustos-pinto-una-constelacion-en-el-acceso-a-un-edificio-de-caballito-4.jpg\" width=\"720\" height=\"480\" decoding=\"async\" data-nimg=\"future\" loading=\"lazy\"><span class=\"epigraphe\">Adriana Bustos en la recorrida por Mundo imaginal, la intervenci\u00f3n pict\u00f3rica que la artista cre\u00f3 para un edificio. Foto: Gentileza Estudio Azcuy.<\/span><span class=\"bkg\"><\/span><span class=\"picture-open\"><button class=\"open-image\" aria-label=\"Open Image\"><\/button><\/span><\/picture><\/div>\n<div class=\"sc-fe41104-0 iJNYzW container-text\" readability=\"43\">\n<p>\u201cUtilizo im\u00e1genes de archivos para<strong> ponerlas de nuevo en circulaci\u00f3n<\/strong>, provocar nuevas asociaciones, reunirlas, ponerlas bajo un ojo contempor\u00e1neo y relacionarlas con eventos e im\u00e1genes tambi\u00e9n contempor\u00e1neas\u201d, detalla mientras se\u00f1ala al cielo. La artista busca con su m\u00e9todo \u201c<strong>sacudir muchas veces esos patrones persistentes<\/strong> para proponer otros nuevos patrones, algo as\u00ed como cortar, unir y pegar, un trabajo como de costurera, para poder provocar nuevos efectos de la verdad\u201d.<\/p>\n<\/div>\n<div class=\"sc-fe41104-0 iJNYzW container-text\" readability=\"35.81914893617\">\n<p>El proyecto de <a href=\"https:\/\/www.clarin.com\/revista-n\/firma-adriana-bustos-constelacion-nombres-propios-eventos-tapa-n-1000_0_694hAocJzM.html\" target=\"_self\" title=\"Bustos \" alt=\"Bustos \" rel=\"noopener noreferrer\">Bustos <\/a>fue el segundo galardonado con el <strong>Premio Azcuy <\/strong>en 2020. Tambi\u00e9n lo recibieron Diego Bianchi, Hern\u00e1n Soriano, Fabi\u00e1n Bercic y, en la \u00faltima edici\u00f3n, Nacha Canvas.<\/p>\n<\/div>\n<div class=\"sc-fe41104-0 iJNYzW container-text\" readability=\"39\">\n<p>La idea inicial de Gerardo Azcuy, al frente de su empresa, era que los edificios que construye <strong>ofrezcan obras <\/strong>para que generaciones enteras crezcan cerca del arte y, de forma indirecta, esta presencia<strong> fomente el inter\u00e9s de sus clientes <\/strong>en invertir en arte \u2013algo tan necesario en un mercado con pocos coleccionistas como es el argentino\u2013.<\/p>\n<\/div>\n<div class=\"sc-fed1235d-0 cJeYLt\"><picture class=\"sc-fed1235d-1 frqAaA\"><source media=\"(min-width: 975px)\" width=\"720\" height=\"480\" srcset=\"http:\/\/cordobateve.net\/wp-content\/uploads\/2024\/03\/la-artista-adriana-bustos-pinto-una-constelacion-en-el-acceso-a-un-edificio-de-caballito-5.jpg\"><img alt=\"Mundo imaginal, la intervenci\u00f3n pict\u00f3rica que cre\u00f3 Adriana Bustos para un edificio. Foto: Gentileza Estudio Azcuy.\" src=\"http:\/\/cordobateve.net\/wp-content\/uploads\/2024\/03\/la-artista-adriana-bustos-pinto-una-constelacion-en-el-acceso-a-un-edificio-de-caballito-5.jpg\" width=\"720\" height=\"480\" decoding=\"async\" data-nimg=\"future\" loading=\"lazy\"><span class=\"epigraphe\">Mundo imaginal, la intervenci\u00f3n pict\u00f3rica que cre\u00f3 Adriana Bustos para un edificio. Foto: Gentileza Estudio Azcuy.<\/span><span class=\"bkg\"><\/span><span class=\"picture-open\"><button class=\"open-image\" aria-label=\"Open Image\"><\/button><\/span><\/picture><\/div>\n<div class=\"sc-fe41104-0 iJNYzW container-text\" readability=\"34\">\n<p>Ese prop\u00f3sito cobr\u00f3 vida en poco tiempo a partir de decisiones claves: la <strong>asociaci\u00f3n con el Museo de Arte Moderno de Buenos Aires<\/strong> y la creaci\u00f3n de un premio que otorga una <strong>retribuci\u00f3n econ\u00f3mica<\/strong> y que respeta el proceso creativo y de trabajo de quienes quedan seleccionados.<\/p>\n<\/div>\n","protected":false},"excerpt":{"rendered":"<p>Una constelaci\u00f3n de s\u00edmbolos barriales, de 30 metros de largo, pintadas por una de las artistas argentinas contempor\u00e1neas m\u00e1s importantes, en un cielorraso que invita a perderse con la imaginaci\u00f3n. As\u00ed es Mundo imaginal, la intervenci\u00f3n pict\u00f3rica que cre\u00f3 Adriana Bustos para uno de los edificios de la firma Azcuy, un proyecto que fue galardonado [&hellip;]<\/p>\n","protected":false},"author":1,"featured_media":74455,"comment_status":"closed","ping_status":"closed","sticky":false,"template":"","format":"standard","meta":[],"categories":[22],"tags":[],"_links":{"self":[{"href":"http:\/\/cordobateve.net\/index.php\/wp-json\/wp\/v2\/posts\/74454"}],"collection":[{"href":"http:\/\/cordobateve.net\/index.php\/wp-json\/wp\/v2\/posts"}],"about":[{"href":"http:\/\/cordobateve.net\/index.php\/wp-json\/wp\/v2\/types\/post"}],"author":[{"embeddable":true,"href":"http:\/\/cordobateve.net\/index.php\/wp-json\/wp\/v2\/users\/1"}],"replies":[{"embeddable":true,"href":"http:\/\/cordobateve.net\/index.php\/wp-json\/wp\/v2\/comments?post=74454"}],"version-history":[{"count":0,"href":"http:\/\/cordobateve.net\/index.php\/wp-json\/wp\/v2\/posts\/74454\/revisions"}],"wp:featuredmedia":[{"embeddable":true,"href":"http:\/\/cordobateve.net\/index.php\/wp-json\/wp\/v2\/media\/74455"}],"wp:attachment":[{"href":"http:\/\/cordobateve.net\/index.php\/wp-json\/wp\/v2\/media?parent=74454"}],"wp:term":[{"taxonomy":"category","embeddable":true,"href":"http:\/\/cordobateve.net\/index.php\/wp-json\/wp\/v2\/categories?post=74454"},{"taxonomy":"post_tag","embeddable":true,"href":"http:\/\/cordobateve.net\/index.php\/wp-json\/wp\/v2\/tags?post=74454"}],"curies":[{"name":"wp","href":"https:\/\/api.w.org\/{rel}","templated":true}]}}