{"id":76535,"date":"2024-04-16T21:27:18","date_gmt":"2024-04-16T21:27:18","guid":{"rendered":"http:\/\/cordobateve.net\/index.php\/2024\/04\/16\/maria-becerra-cambio-completamente-su-look-con-un-corte-rollinga\/"},"modified":"2024-04-16T21:27:18","modified_gmt":"2024-04-16T21:27:18","slug":"maria-becerra-cambio-completamente-su-look-con-un-corte-rollinga","status":"publish","type":"post","link":"http:\/\/cordobateve.net\/index.php\/2024\/04\/16\/maria-becerra-cambio-completamente-su-look-con-un-corte-rollinga\/","title":{"rendered":"Mar\u00eda Becerra cambi\u00f3 completamente su look con un corte \u00abrollinga\u00bb"},"content":{"rendered":"<div class=\"media_block\"><\/div>\n<p><a target=\"_blank\" href=\"https:\/\/www.instagram.com\/mariabecerra\/\" rel=\"noopener noreferrer\"><strong>Mar\u00eda Becerra <\/strong><\/a>dio inicio a una nueva etapa en su carrera musical con un cambio radical en su apariencia.<a target=\"_blank\" href=\"https:\/\/caras.perfil.com\/noticias\/celebridades\/increibles-vacaciones-maria-becerra-j-rei-cordoba.phtml\" rel=\"noopener noreferrer\"><strong> La talentosa cantante<\/strong><\/a> dej\u00f3 a todos sus seguidores boquiabiertos al compartir en sus redes sociales un adelanto de su \u00faltimo look, marcando el inicio de una nueva era en su carrera.<\/p>\n<p>En su cuenta de Instagram,<strong><a target=\"_blank\" href=\"https:\/\/caras.perfil.com\/noticias\/celebridades\/comentario-maria-becerra-cancion-tini-stoessel-papa.phtml\" rel=\"noopener noreferrer\"> Mar\u00eda<\/a> comparti\u00f3 un video de su reciente sesi\u00f3n de fotos<\/strong>, donde no solo mostr\u00f3 los espectaculares outfits que luci\u00f3 en sus shows en River Plate, sino tambi\u00e9n<strong> el sorprendente corte de pelo que se hizo.<\/strong><\/p>\n<p><strong>\u00abEmpezando mi nueva ERA&nbsp;nos esperan muchas cosas\u00bb<\/strong>, escribi\u00f3 <a target=\"_blank\" href=\"https:\/\/caras.perfil.com\/noticias\/celebridades\/shakira-maria-becerra-detalle.phtml\" rel=\"noopener noreferrer\"><strong>\u00abLa Nena de Argentina\u00bb<\/strong><\/a> junto a video en donde evidencia su nuevo look:&nbsp;un corte por debajo de los hombros y <strong>un flequillo recto, conocido popularmente como \u00abrollinga\u00bb.<\/strong><\/p>\n<h2>El nuevo look de Mar\u00eda Becerra<\/h2>\n<p>El cambio no pas\u00f3 desapercibido para sus seguidores, quienes r\u00e1pidamente comentaron el nuevo look de la artista. En una selfie compartida posteriormente, <strong><a target=\"_blank\" href=\"https:\/\/caras.perfil.com\/noticias\/celebridades\/motivo-tini-stoessel-no-canto-maria-becerra-river.phtml\" rel=\"noopener noreferrer\">Mar\u00eda Becerra<\/a><\/strong> escribi\u00f3:<strong> \u00abBuen d\u00eda bellezas\u00bb, recibiendo el apoyo y los elogios de sus fans.<\/strong><\/p>\n<p><img alt=\"Mar\u00eda Becerra cambi\u00f3 completamente su look con un corte \" src=\"http:\/\/cordobateve.net\/wp-content\/uploads\/2024\/04\/maria-becerra-cambio-completamente-su-look-con-un-corte-rollinga-1.jpg\" loading=\"lazy\"><\/p>\n<p>Este cambio de imagen marca el comienzo de una nueva etapa para&nbsp;Becerra, quien recientemente <strong>brill\u00f3 en el Monumental con dos shows inolvidables<\/strong>. Convirti\u00e9ndose en la primera cantante femenina en agotar las entradas para dos espect\u00e1culos consecutivos en este emblem\u00e1tico estadio, Mar\u00eda demostr\u00f3 una vez m\u00e1s su impacto y popularidad en la escena musical.<\/p>\n<p>Con su nuevo look y su talento indiscutible, Mar\u00eda Becerra contin\u00faa conquistando corazones y consolidando su posici\u00f3n como una de las estrellas m\u00e1s brillantes de la m\u00fasica argentina.<\/p>\n<p>VO<\/p>\n<div class=\"relacionadas\" readability=\"0.82677165354331\">\n<p>Tambi\u00e9n te puede interesar<\/p>\n<\/p><\/div>\n","protected":false},"excerpt":{"rendered":"<p>Mar\u00eda Becerra dio inicio a una nueva etapa en su carrera musical con un cambio radical en su apariencia. La talentosa cantante dej\u00f3 a todos sus seguidores boquiabiertos al compartir en sus redes sociales un adelanto de su \u00faltimo look, marcando el inicio de una nueva era en su carrera. En su cuenta de Instagram, [&hellip;]<\/p>\n","protected":false},"author":1,"featured_media":76536,"comment_status":"closed","ping_status":"closed","sticky":false,"template":"","format":"standard","meta":[],"categories":[22],"tags":[],"_links":{"self":[{"href":"http:\/\/cordobateve.net\/index.php\/wp-json\/wp\/v2\/posts\/76535"}],"collection":[{"href":"http:\/\/cordobateve.net\/index.php\/wp-json\/wp\/v2\/posts"}],"about":[{"href":"http:\/\/cordobateve.net\/index.php\/wp-json\/wp\/v2\/types\/post"}],"author":[{"embeddable":true,"href":"http:\/\/cordobateve.net\/index.php\/wp-json\/wp\/v2\/users\/1"}],"replies":[{"embeddable":true,"href":"http:\/\/cordobateve.net\/index.php\/wp-json\/wp\/v2\/comments?post=76535"}],"version-history":[{"count":0,"href":"http:\/\/cordobateve.net\/index.php\/wp-json\/wp\/v2\/posts\/76535\/revisions"}],"wp:featuredmedia":[{"embeddable":true,"href":"http:\/\/cordobateve.net\/index.php\/wp-json\/wp\/v2\/media\/76536"}],"wp:attachment":[{"href":"http:\/\/cordobateve.net\/index.php\/wp-json\/wp\/v2\/media?parent=76535"}],"wp:term":[{"taxonomy":"category","embeddable":true,"href":"http:\/\/cordobateve.net\/index.php\/wp-json\/wp\/v2\/categories?post=76535"},{"taxonomy":"post_tag","embeddable":true,"href":"http:\/\/cordobateve.net\/index.php\/wp-json\/wp\/v2\/tags?post=76535"}],"curies":[{"name":"wp","href":"https:\/\/api.w.org\/{rel}","templated":true}]}}