{"id":79606,"date":"2024-05-22T15:01:44","date_gmt":"2024-05-22T15:01:44","guid":{"rendered":"https:\/\/www.clarin.com\/cultura\/puerta-entrada-mundo-ludico-experimental-leon-ferrari_0_ZkAY3RW0vR.html"},"modified":"2024-05-22T15:01:44","modified_gmt":"2024-05-22T15:01:44","slug":"una-puerta-de-entrada-el-mundo-ludico-y-experimental-de-leon-ferrari","status":"publish","type":"post","link":"http:\/\/cordobateve.net\/index.php\/2024\/05\/22\/una-puerta-de-entrada-el-mundo-ludico-y-experimental-de-leon-ferrari\/","title":{"rendered":"Una puerta de entrada el mundo l\u00fadico y experimental de Le\u00f3n Ferrari"},"content":{"rendered":"<p><img src=\"http:\/\/cordobateve.net\/wp-content\/uploads\/2024\/05\/una-puerta-de-entrada-el-mundo-ludico-y-experimental-de-leon-ferrari.jpg\"><\/p>\n<div class=\"sc-fe41104-0 iJNYzW container-text\" readability=\"38.418136020151\">\n<p>El le\u00f3n est\u00e1 de vuelta. En la Fundaci\u00f3n Macro se exhibe<strong><em> Otra M\u00fasica<\/em><\/strong>, una muestra dedicada a la <strong>b\u00fasqueda sonora, visual y espacial<\/strong> que <strong><a href=\"https:\/\/www.clarin.com\/tema\/leon-ferrari.html\" target=\"_blank\" title=\"Le\u00f3n Ferrari\" alt=\"Le\u00f3n Ferrari\" rel=\"noopener noreferrer\">Le\u00f3n Ferrari<\/a> <\/strong>desarroll\u00f3 a partir de la experimentaci\u00f3n con el lenguaje musical. Una propuesta que va desde la inocencia del factor <a href=\"https:\/\/www.clarin.com\/cultura\/puerta-entrada-mundo-ludico-experimental-leon-ferrari_0_ZkAY3RW0vR.html\" target=\"_blank\" title=\"l\u00fadico\" alt=\"l\u00fadico\" rel=\"noopener noreferrer\">l\u00fadico<\/a>, con <a href=\"https:\/\/www.clarin.com\/tema\/leon-ferrari.html\" target=\"_blank\" title=\"obras \" alt=\"obras \" rel=\"noopener noreferrer\">obras <\/a>que se pueden tocar y hacer sonar, hasta la siempre presente, aunque no expl\u00edcita, apelaci\u00f3n pol\u00edtica.<\/p>\n<\/div>\n<div class=\"sc-fe41104-0 iJNYzW container-text\" readability=\"39\">\n<p>El banco ha apostado por llevar al hall de entrada de su sede central,<strong> un edificio proyectado por C\u00e9sar Pelli <\/strong>antes de su muerte, <strong>artistas con mediana y larga trayectoria en el arte argentino<\/strong>. Apuestas seguras para espacios por donde transita el p\u00fablico general, ese que probablemente nunca ingrese a una galer\u00eda de arte, pero que en su devenir cotidiano ahora es atravesado por una figura de poliuretano con forma humana que toca un bandone\u00f3n.<\/p>\n<\/div>\n<div class=\"sc-fe41104-0 iJNYzW container-text\" readability=\"35.352185089974\">\n<p><em>Otra M\u00fasica<\/em> fue curada por <strong>Natalia Revale y Javier del Olmo<\/strong>, quienes trabajaron sobre el di\u00e1logo constante entre el dibujo y la escultura que atraves\u00f3 el trabajo de Ferrari a lo largo de su extens\u00edsima carrera art\u00edstica. El <a href=\"https:\/\/www.clarin.com\/cultura\/toda-magnitud-leon-ferrari-llega-primera-vez-museo-bellas-artes_0_arlW2WqJBw.html\" target=\"_blank\" title=\"artista \" alt=\"artista \" rel=\"noopener noreferrer\">artista <\/a>utiliza para sus obras <strong>distintos materiales y busca la experimentaci\u00f3n<\/strong> en sus objetos escult\u00f3ricos sonoros a partir de las vibraciones y las texturas.<\/p>\n<\/div>\n<div class=\"sc-fed1235d-0 cJeYLt\"><picture class=\"sc-fed1235d-1 frqAaA\"><source media=\"(min-width: 975px)\" width=\"720\" height=\"480\" srcset=\"http:\/\/cordobateve.net\/wp-content\/uploads\/2024\/05\/una-puerta-de-entrada-el-mundo-ludico-y-experimental-de-leon-ferrari-2.jpg\"><img alt=\"En la Fundaci\u00f3n Macro se exhibe Otra M\u00fasica, una muestra dedicada a la b\u00fasqueda sonora, visual y espacial que Le\u00f3n Ferrari . Foto: gentileza Fundaci\u00f3n Macro.\" src=\"http:\/\/cordobateve.net\/wp-content\/uploads\/2024\/05\/una-puerta-de-entrada-el-mundo-ludico-y-experimental-de-leon-ferrari-2.jpg\" width=\"720\" height=\"480\" decoding=\"async\" data-nimg=\"future\" loading=\"lazy\"><span class=\"epigraphe\">En la Fundaci\u00f3n Macro se exhibe Otra M\u00fasica, una muestra dedicada a la b\u00fasqueda sonora, visual y espacial que Le\u00f3n Ferrari . Foto: gentileza Fundaci\u00f3n Macro.<\/span><span class=\"bkg\"><\/span><span class=\"picture-open\"><button class=\"open-image\" aria-label=\"Open Image\"><\/button><\/span><\/picture><\/div>\n<p><h2>Reconocido y provocador<\/h2>\n<\/p>\n<div class=\"sc-fe41104-0 iJNYzW container-text\" readability=\"40.069943289225\">\n<p>Ferrari fue <strong>uno de los m\u00e1s reconocidos y <a href=\"https:\/\/www.clarin.com\/cultura\/leon-ferrari-artista-blasfemo-cumpliria-cien-anos-obra-nueva_0_ag26zpchD.html\" target=\"_blank\" title=\"provocadores \" alt=\"provocadores \" rel=\"noopener noreferrer\">provocadores <\/a>artistas argentinos de los \u00faltimos tiempos<\/strong>. Su vasta obra, centrada en temas como<strong> la religi\u00f3n, la intolerancia y la pol\u00edtica,<\/strong> fue expuesta en muestras individuales en muchos de los museos m\u00e1s importantes del mundo. En 1965, produjo una de sus obras m\u00e1s controvertidas, \u201cLa civilizaci\u00f3n occidental y cristiana\u201d, que hoy forma parte de la muestra <em>Lo que la noche le cuenta al d\u00eda <\/em>en Fundaci\u00f3n Proa. <strong>En 2007 recibi\u00f3 el Le\u00f3n de Oro en la Bienal de Arte de Venecia.<\/strong><\/p>\n<\/div>\n<div class=\"sc-fe41104-0 iJNYzW container-text\" readability=\"35.462686567164\">\n<p>No se puede precisar con exactitud cu\u00e1ndo la m\u00fasica ingresa en la vida de Ferrari. Los curadores sostienen que<strong> a lo largo de toda su <a href=\"https:\/\/www.clarin.com\/revista-n\/arte\/leon-ferrari-combatiente-paz-_0_puSrG0fc7M.html\" target=\"_blank\" title=\"carrera \" alt=\"carrera \" rel=\"noopener noreferrer\">carrera <\/a>la cuesti\u00f3n sonora atraves\u00f3 sus obras<\/strong>, ya sea en sus cl\u00e1sicos garabatos o en sus esculturas que activadas generan sonidos y combinaciones. Coinciden que fue durante su exilio en Brasil \u2013a donde escap\u00f3 luego de que la dictadura c\u00edvico-militar desapareciera a uno de sus hijos\u2013 donde emerge con m\u00e1s fuerza su inter\u00e9s.<\/p>\n<\/div>\n<div class=\"sc-fed1235d-0 cJeYLt\"><picture class=\"sc-fed1235d-1 frqAaA\"><source media=\"(min-width: 975px)\" width=\"720\" height=\"480\" srcset=\"http:\/\/cordobateve.net\/wp-content\/uploads\/2024\/05\/una-puerta-de-entrada-el-mundo-ludico-y-experimental-de-leon-ferrari-3.jpg\"><img alt=\"En la Fundaci\u00f3n Macro se exhibe Otra M\u00fasica, una muestra dedicada a la b\u00fasqueda sonora, visual y espacial que Le\u00f3n Ferrari . Foto: gentileza Fundaci\u00f3n Macro.\" src=\"http:\/\/cordobateve.net\/wp-content\/uploads\/2024\/05\/una-puerta-de-entrada-el-mundo-ludico-y-experimental-de-leon-ferrari-3.jpg\" width=\"720\" height=\"480\" decoding=\"async\" data-nimg=\"future\" loading=\"lazy\"><span class=\"epigraphe\">En la Fundaci\u00f3n Macro se exhibe Otra M\u00fasica, una muestra dedicada a la b\u00fasqueda sonora, visual y espacial que Le\u00f3n Ferrari . Foto: gentileza Fundaci\u00f3n Macro.<\/span><span class=\"bkg\"><\/span><span class=\"picture-open\"><button class=\"open-image\" aria-label=\"Open Image\"><\/button><\/span><\/picture><\/div>\n<div class=\"sc-fe41104-0 iJNYzW container-text\" readability=\"42\">\n<p>\u201cDesde los primeros dibujos que hace en los 60, los dibujos en tinta que son como unas escrituras, garabatos nerviosos, que <strong>parece que tienen como un ritmo<\/strong>; c\u00f3mo titula esos dibujos, pone Primera m\u00fasica, M\u00fasica cantata, Partitura. A lo abstracto le hace una referencia tambi\u00e9n\u201d, explica Del Olmo a <strong>Clar\u00edn Cultura.<\/strong><\/p>\n<\/div>\n<div class=\"sc-fe41104-0 iJNYzW container-text\" readability=\"36\">\n<p>Los garabatos caracter\u00edsticos en la obra de Ferrari <strong>ocupan uno de los dos pasillos<\/strong> en los que se dividi\u00f3 la muestra. Del otro lado predominan la recreaci\u00f3n de instrumentos que el artista alcanz\u00f3 a bocetar y otras experimentaciones sonoras, como <strong>la escultura realizada con extensas varillas de acero <\/strong>que cuelgan desde el techo y que los visitantes pueden atravesar.<\/p>\n<\/div>\n<p><h2>Retroalimentaci\u00f3n<\/h2>\n<\/p>\n<div class=\"sc-fe41104-0 iJNYzW container-text\" readability=\"34.877338877339\">\n<p>Ferrari <strong><a href=\"https:\/\/www.clarin.com\/revista-n\/arte\/legado-leon-ferrari-paris_0_vFC662tuvS.html\" target=\"_blank\" title=\"retroalimentaba \" alt=\"retroalimentaba \" rel=\"noopener noreferrer\">retroalimentaba <\/a>su inspiraci\u00f3n <\/strong>de acuerdo con el soporte y el material con el que trabajaba en distintos momentos de su carrera. Un concepto elaborado en los 60 o un material que descubre su exilio pueden aparecer nuevamente en sus producciones de los 2000. <strong>Trabaja varillas de forma recta que luego comienza a enroscar<\/strong>, un gesto que tiene impacto en su trabajo gr\u00e1fico. Esta retroalimentaci\u00f3n es la que dificulta establecer series o ciclos en la producci\u00f3n de Ferrari.<\/p>\n<\/div>\n<div class=\"sc-fed1235d-0 cJeYLt\"><picture class=\"sc-fed1235d-1 frqAaA\"><source media=\"(min-width: 975px)\" width=\"720\" height=\"480\" srcset=\"http:\/\/cordobateve.net\/wp-content\/uploads\/2024\/05\/una-puerta-de-entrada-el-mundo-ludico-y-experimental-de-leon-ferrari-4.jpg\"><img alt=\"En la Fundaci\u00f3n Macro se exhibe Otra M\u00fasica, una muestra dedicada a la b\u00fasqueda sonora, visual y espacial que Le\u00f3n Ferrari . Foto: gentileza Fundaci\u00f3n Macro.\" src=\"http:\/\/cordobateve.net\/wp-content\/uploads\/2024\/05\/una-puerta-de-entrada-el-mundo-ludico-y-experimental-de-leon-ferrari-4.jpg\" width=\"720\" height=\"480\" decoding=\"async\" data-nimg=\"future\" loading=\"lazy\"><span class=\"epigraphe\">En la Fundaci\u00f3n Macro se exhibe Otra M\u00fasica, una muestra dedicada a la b\u00fasqueda sonora, visual y espacial que Le\u00f3n Ferrari . Foto: gentileza Fundaci\u00f3n Macro.<\/span><span class=\"bkg\"><\/span><span class=\"picture-open\"><button class=\"open-image\" aria-label=\"Open Image\"><\/button><\/span><\/picture><\/div>\n<div class=\"sc-fe41104-0 iJNYzW container-text\" readability=\"43\">\n<p>\u201c\u00c9l <strong>experimenta con el acero,<\/strong> estas varillas que son de acero inoxidable en muchas ocasiones, el movimiento que producen lo llevan a generar esos grafismos, como un poco va y vuelve. De los grafismos vuelve al dise\u00f1o, a seguir dise\u00f1ando estas esculturas. Y tambi\u00e9n la propia experimentaci\u00f3n, cuando genera las esculturas, el sonido que provoca, hace que llegue tambi\u00e9n a las esculturas musicales\u201d, describe Revale.<\/p>\n<\/div>\n<div class=\"sc-fe41104-0 iJNYzW container-text\" readability=\"38\">\n<p>Al visitante lo <strong>recibe un cl\u00e1sico de Ferrari<\/strong>:<strong> la banda de m\u00fasicas realizados en poliuretano<\/strong>. \u00abLos m\u00fasicos de poliuretano es esa materialidad que a Le\u00f3n le gustaba porque se le escapaba, porque era ingobernable, porque apretaba un pomo de poliuretano y sal\u00eda la espuma medio loca\u201d, apunta el curador.<\/p>\n<\/div>\n<div class=\"sc-fe41104-0 iJNYzW container-text\" readability=\"39\">\n<p>La materia indomable se observa tambi\u00e9n en las <strong>pinturas que chorrean <\/strong>\u201cbuscando como esa propia expresi\u00f3n del material\u201d, explica Del Olmo. Lo <strong>ingobernable<\/strong>, lo imposible de dominar son formas de describir su t\u00e9cnica y, por trasposici\u00f3n, su forma de encarar su oficio como artista con consciencia social y pol\u00edtica.<\/p>\n<\/div>\n<div class=\"sc-fe41104-0 iJNYzW container-text\" readability=\"39\">\n<p>El otro eje de la muestra, seg\u00fan la mirada de los curadores, son<strong> los instrumentos que se recrearon a partir de bocetos detallados que dej\u00f3 Ferrari<\/strong>. Como un Da Vinci porte\u00f1o, el artista plasm\u00f3 en cuadernos sus inventos con detalle y precisi\u00f3n. Algunos los pudo materializar, otros quedaron en proyectos. Sobre \u00e9stos \u00faltimos se trabajo para recrearlos en el 2024.<\/p>\n<\/div>\n<div class=\"sc-fe41104-0 iJNYzW container-text\" readability=\"39\">\n<p>\u00abHicimos una investigaci\u00f3n. <strong>Hay muchos detalles en esos cuadernos<\/strong>, pero lo que no estaba, intentamos imaginarlo a partir de los instrumentos que s\u00ed realiz\u00f3. Entonces, imaginamos materialidades, tama\u00f1os\u201d, cuenta Del Olmo.<\/p>\n<\/div>\n<div class=\"sc-fe41104-0 iJNYzW container-text\" readability=\"37\">\n<p>Ferrari <strong>cuela la pol\u00edtica y el tiempo en el que vivi\u00f3 en toda su obra<\/strong>, incluso en sus trabajos abstractos como los garabatos que cuelgan en la Fundaci\u00f3n Macro a los que titula \u201cCarta a un general\u201d. Para los curadores, la muestra representa una \u201cpuerta de entrada\u201d paras las nuevas generaciones que desconocen al artista y a quienes buscan llegar desde un lugar l\u00fadico y experimental.<\/p>\n<\/div>\n<div class=\"sc-fe41104-0 iJNYzW container-text\" readability=\"34\">\n<p><strong><em>Le\u00f3n Ferrari. Otra m\u00fasica<\/em>, en Fundaci\u00f3n Banco Macro (Av. Eduardo Madero 1180) de lunes a viernes de 10 a 18 hasta el 26 de julio. Entrada gratis.<\/strong><\/p>\n<\/div>\n","protected":false},"excerpt":{"rendered":"<p>El le\u00f3n est\u00e1 de vuelta. En la Fundaci\u00f3n Macro se exhibe Otra M\u00fasica, una muestra dedicada a la b\u00fasqueda sonora, visual y espacial que Le\u00f3n Ferrari desarroll\u00f3 a partir de la experimentaci\u00f3n con el lenguaje musical. Una propuesta que va desde la inocencia del factor l\u00fadico, con obras que se pueden tocar y hacer sonar, [&hellip;]<\/p>\n","protected":false},"author":1,"featured_media":79607,"comment_status":"closed","ping_status":"closed","sticky":false,"template":"","format":"standard","meta":[],"categories":[22],"tags":[],"_links":{"self":[{"href":"http:\/\/cordobateve.net\/index.php\/wp-json\/wp\/v2\/posts\/79606"}],"collection":[{"href":"http:\/\/cordobateve.net\/index.php\/wp-json\/wp\/v2\/posts"}],"about":[{"href":"http:\/\/cordobateve.net\/index.php\/wp-json\/wp\/v2\/types\/post"}],"author":[{"embeddable":true,"href":"http:\/\/cordobateve.net\/index.php\/wp-json\/wp\/v2\/users\/1"}],"replies":[{"embeddable":true,"href":"http:\/\/cordobateve.net\/index.php\/wp-json\/wp\/v2\/comments?post=79606"}],"version-history":[{"count":0,"href":"http:\/\/cordobateve.net\/index.php\/wp-json\/wp\/v2\/posts\/79606\/revisions"}],"wp:featuredmedia":[{"embeddable":true,"href":"http:\/\/cordobateve.net\/index.php\/wp-json\/wp\/v2\/media\/79607"}],"wp:attachment":[{"href":"http:\/\/cordobateve.net\/index.php\/wp-json\/wp\/v2\/media?parent=79606"}],"wp:term":[{"taxonomy":"category","embeddable":true,"href":"http:\/\/cordobateve.net\/index.php\/wp-json\/wp\/v2\/categories?post=79606"},{"taxonomy":"post_tag","embeddable":true,"href":"http:\/\/cordobateve.net\/index.php\/wp-json\/wp\/v2\/tags?post=79606"}],"curies":[{"name":"wp","href":"https:\/\/api.w.org\/{rel}","templated":true}]}}