{"id":8202,"date":"2021-01-30T06:24:09","date_gmt":"2021-01-30T06:24:09","guid":{"rendered":"https:\/\/www.perfil.com\/noticias\/espectaculos\/la-parada-portena.phtml"},"modified":"2021-01-30T06:24:09","modified_gmt":"2021-01-30T06:24:09","slug":"la-parada-portena","status":"publish","type":"post","link":"http:\/\/cordobateve.net\/index.php\/2021\/01\/30\/la-parada-portena\/","title":{"rendered":"La parada porte\u00f1a"},"content":{"rendered":"<p><img src=\"http:\/\/cordobateve.net\/wp-content\/uploads\/2021\/01\/la-parada-portena.jpg\"><\/p>\n<div><img src=\"http:\/\/cordobateve.net\/wp-content\/uploads\/2021\/01\/la-parada-portena-2.jpg\" class=\"ff-og-image-inserted\"><\/div>\n<aside class=\"relatedPost\">\n<h3>M\u00e1s noticias de espectaculos<\/h3>\n<\/aside>\n<p>El Festival Internacional de Cine Cann\u00e1bico del R\u00edo de la Plata est\u00e1 organizado por cineastas y gestores culturales que hace varios a\u00f1os venimos trabajando en la tem\u00e1tica. Nace desde el amor al cine y la militancia en los derechos humanos, como una propuesta innovadora, las pel\u00edculas como puerta e invitaci\u00f3n para reflexionar sobre temas importantes que atraviesan nuestra sociedad.<\/p>\n<p>Empez\u00f3 en 2019 y se hizo ya dos veces en Montevideo.<\/p>\n<p>A pesar del Covid llega a Buenos Aires gratis y al aire libre durante todo febrero.<\/p>\n<p>Nuestra intenci\u00f3n es, desde el cine y la cultura, poner sobre la mesa la tem\u00e1tica del cannabis libre de prejuicios y tab\u00faes, generando de esta manera debates enriquecedores, brindando informaci\u00f3n sobre los distintos usos y efectos, poniendo de relieve los derechos humanos que se ponen en juego con el prohibicionismo. Cuestionar y analizar las pol\u00edticas de Estado con respecto al uso de la planta, desde la salud, el mercado y el punitivismo. &nbsp;<\/p>\n<p>Desde la programaci\u00f3n buscamos pel\u00edculas que abordan distintas perspectivas.<\/p>\n<p>Seleccionamos 34 pel\u00edculas de diez pa\u00edses diferentes (Argentina, Uruguay, Brasil, Chile, M\u00e9xico, Espa\u00f1a, EE.UU., Canad\u00e1, Italia, y Francia) garantizando de esta manera una diversidad de miradas, en distintas regiones, con las experiencias de cada pa\u00eds.<\/p>\n<p>Todo tipo de duraci\u00f3n y g\u00e9nero, cortos, largos, documentales, animaci\u00f3n, ficciones y videoclips para todo tipo de p\u00fablico, ya que uno de nuestros objetivos es que sea un Festival popular, no solo para cin\u00e9filos, no solo para entendidos sobre el cannabis, sino para llegar desde el arte a todos.<\/p>\n<p>La programaci\u00f3n tiene tres secciones. \u201cFicciones cann\u00e1bicas\u201d es donde se destacan pel\u00edculas de primer nivel, como el estreno latinoamericano La Daronne, comedia francesa de enredos protagonizada por Isabelle Huppert que se proyectar\u00e1 en la Quinta Trabucco el domingo 28 de febrero a las 20. Uno de los estrenos destacados para Argentina es la pel\u00edcula Sanctorum, de Joshua Gil, una producci\u00f3n mexicana que desde el punto de vista de un ni\u00f1o pone en escena el conflicto entre los pueblos originarios cultivadores de cannabis y los narcotraficantes con una fotograf\u00eda po\u00e9tica combinada con realismo m\u00e1gico. Podr\u00e1 verse en la Casa Nacional del Bicentenario el s\u00e1bado 13 a las 20. Tambi\u00e9n hay pel\u00edculas argentinas y uruguayas: Una casa con 10 pinos de Mart\u00edn Ochoa, Traigan el porro, misi\u00f3n no oficial de Denny Brechner, Fiesta Nibiru de Manuel Facal y las ficciones canadienses, que tambi\u00e9n son estrenos: una conmovedora historia de amor en la tercera edad emociona en Y llovieron p\u00e1jaros de Louise Archambault y The Marijuana Conspiracy que es estreno mundial de Craig Pryce, una ficci\u00f3n basada en una historia real, ambientada en los a\u00f1os 70 en Canad\u00e1.<\/p>\n<p>La secci\u00f3n \u201cSalud y Cannabis\u201d toca el aspecto medicinal de la planta de cannabis, con documentales que recorren desde investigaciones cient\u00edficas de universidades y laboratorios hasta historias de vida de ni\u00f1os con epilepsia y distintos trastornos que necesitan el cannabis para mejorar su calidad de vida, pasando por experiencias como la que cuenta Terre di cannabis en la que un joven italiano decide recuperar las tierras abandonadas de su pueblo para sembrar cannabis medicinal. En esta secci\u00f3n hay varias producciones de Argentina y de nuestra regi\u00f3n.<\/p>\n<p>La tercera secci\u00f3n es \u201cActivismo Cann\u00e1bico\u201d cuenta la experiencia en distintos pa\u00edses en cuanto a la legislaci\u00f3n, prohibici\u00f3n, regulaci\u00f3n con respecto al cannabis y los derechos de las personas. Suele abordarse desde una perspectiva hist\u00f3rica y cronol\u00f3gica, contando las distintas experiencias de cultivo, clubes cann\u00e1bicos, manifestaciones, emprendimientos industriales de c\u00e1\u00f1amo e informaci\u00f3n sobre la reducci\u00f3n de da\u00f1os. La mayor\u00eda de las pel\u00edculas de esta secci\u00f3n van acompa\u00f1adas de mesas con especialistas para profundizar todos los jueves de febrero a las 18 en La Manzana de las Luces.<\/p>\n<p>*Directores del Festival Internacional de Cine Cann\u00e1bico del R\u00edo de la Plata @festivalcinecannabico<\/p>\n<p>Las proyecciones son gratis y al aire libre entre el 4 y el 28 de febrero.<\/p>\n<p>Jueves y viernes en La Manzana de las Luces.<\/p>\n<p>Sabados en CNB.<\/p>\n<p>Domingo 28 en La Quinta Trabucco.<\/p>\n<p>Se puede ver gran parte de la programaci\u00f3n online en el canal de Youtube del Festival.<\/p>\n","protected":false},"excerpt":{"rendered":"<p>M\u00e1s noticias de espectaculos El Festival Internacional de Cine Cann\u00e1bico del R\u00edo de la Plata est\u00e1 organizado por cineastas y gestores culturales que hace varios a\u00f1os venimos trabajando en la tem\u00e1tica. Nace desde el amor al cine y la militancia en los derechos humanos, como una propuesta innovadora, las pel\u00edculas como puerta e invitaci\u00f3n para [&hellip;]<\/p>\n","protected":false},"author":1,"featured_media":8203,"comment_status":"closed","ping_status":"closed","sticky":false,"template":"","format":"standard","meta":[],"categories":[22,21],"tags":[],"_links":{"self":[{"href":"http:\/\/cordobateve.net\/index.php\/wp-json\/wp\/v2\/posts\/8202"}],"collection":[{"href":"http:\/\/cordobateve.net\/index.php\/wp-json\/wp\/v2\/posts"}],"about":[{"href":"http:\/\/cordobateve.net\/index.php\/wp-json\/wp\/v2\/types\/post"}],"author":[{"embeddable":true,"href":"http:\/\/cordobateve.net\/index.php\/wp-json\/wp\/v2\/users\/1"}],"replies":[{"embeddable":true,"href":"http:\/\/cordobateve.net\/index.php\/wp-json\/wp\/v2\/comments?post=8202"}],"version-history":[{"count":0,"href":"http:\/\/cordobateve.net\/index.php\/wp-json\/wp\/v2\/posts\/8202\/revisions"}],"wp:featuredmedia":[{"embeddable":true,"href":"http:\/\/cordobateve.net\/index.php\/wp-json\/wp\/v2\/media\/8203"}],"wp:attachment":[{"href":"http:\/\/cordobateve.net\/index.php\/wp-json\/wp\/v2\/media?parent=8202"}],"wp:term":[{"taxonomy":"category","embeddable":true,"href":"http:\/\/cordobateve.net\/index.php\/wp-json\/wp\/v2\/categories?post=8202"},{"taxonomy":"post_tag","embeddable":true,"href":"http:\/\/cordobateve.net\/index.php\/wp-json\/wp\/v2\/tags?post=8202"}],"curies":[{"name":"wp","href":"https:\/\/api.w.org\/{rel}","templated":true}]}}