{"id":8267,"date":"2021-01-31T08:49:13","date_gmt":"2021-01-31T08:49:13","guid":{"rendered":"https:\/\/www.perfil.com\/noticias\/espectaculos\/me-parece-que-la-television-esta-un-poco-temerosa.phtml"},"modified":"2021-01-31T08:49:13","modified_gmt":"2021-01-31T08:49:13","slug":"me-parece-que-la-television-esta-un-poco-temerosa","status":"publish","type":"post","link":"http:\/\/cordobateve.net\/index.php\/2021\/01\/31\/me-parece-que-la-television-esta-un-poco-temerosa\/","title":{"rendered":"\u201cMe parece que la televisi\u00f3n est\u00e1 un poco temerosa\u201d"},"content":{"rendered":"<p><img src=\"http:\/\/cordobateve.net\/wp-content\/uploads\/2021\/01\/me-parece-que-la-television-esta-un-poco-temerosa.jpg\"><\/p>\n<div><img src=\"http:\/\/cordobateve.net\/wp-content\/uploads\/2021\/01\/me-parece-que-la-television-esta-un-poco-temerosa-2.jpg\" class=\"ff-og-image-inserted\"><\/div>\n<aside class=\"relatedPost\">\n<h3>M\u00e1s noticias de espectaculos<\/h3>\n<\/aside>\n<p>Fue una de las tantas v\u00edctimas de la pandemia, ya que la suspensi\u00f3n de las actividades culturales decretadas en marzo del a\u00f1o pasado hizo que no estrenara La gesta heroica, en el Cervantes. Pero Luis Mach\u00edn pudo seguir reinvent\u00e1ndose desde reportajes en Instagram, grabar teatro y hasta terminar una pel\u00edcula para despu\u00e9s iniciar otra. Finaliz\u00f3 el rodaje de Existir de Gabriel Grieco con Vanesa Gonz\u00e1lez, Victorio D\u2019Alessandro, Sof\u00eda Gala Castiglione y Fabiana Cantilo, entre otros.&nbsp;Afirma Mach\u00edn: \u201cQuedaban unos d\u00edas en Salta y la terminaron ahora. Mi parte la finalic\u00e9 con la antigua normalidad, a fines del 2019. Faltaban escenas pendientes y eso lo hicieron ahora\u201d.<\/p>\n<p>\u2014Se film\u00f3 en Francia (Par\u00eds), China (Shangai), Mar Azul, Patagonia, Cachi y Buenos Aires. \u00bfViajaste?<\/p>\n<p>\u2014(Se r\u00ede). A m\u00ed siempre me toca en Buenos Aires, a veces cruzo la General Paz. Mi personaje representa un ala militarista que se encarga de custodiar una informaci\u00f3n para que no salga a la luz. Tiene que ver con la existencia de otra dimensi\u00f3n. Se podr\u00eda hacer cierto paralelismo con el \u00c1rea 51 en los Estados Unidos.<\/p>\n<p>\u2014\u00bfTuviste alguna experiencia con ovnis?<\/p>\n<p>\u2014No. Es un tema complejo. Hasta donde se tiene conocimiento no parecer\u00eda que hubiera vida en otros planetas. Nunca fui al Uritorco, no tuve esa curiosidad.<\/p>\n<p>\u2014\u00bfPor qu\u00e9 filmaste varias pel\u00edculas del g\u00e9nero de terror y ciencia ficci\u00f3n?<\/p>\n<p>\u2014Siempre me resultaron atractivos. Cuando era chico como espectador, como a la mayor\u00eda. Con los a\u00f1os se desvaneci\u00f3 un poco el inter\u00e9s y despu\u00e9s me vincul\u00e9 con Daniel de la Vega, a los pocos a\u00f1os de llegar de Rosario. Siempre quiso que participara en alguna de sus pel\u00edculas y as\u00ed film\u00e9 Necrofobia (2014), que tuvo un recorrido internacional. A partir de ah\u00ed el g\u00e9nero se extendi\u00f3 y tienen hasta su propio Festival Rojo Sangre. No solo me pareci\u00f3 una curiosidad por el g\u00e9nero sino por lo que genera en la interpretaci\u00f3n. Debe haber una actuaci\u00f3n diferente a una comedia, un cl\u00e1sico o una obra costumbrista. Me atrajo c\u00f3mo crear esos personajes. Cada vez que me llega un gui\u00f3n de ciencia ficci\u00f3n los leo con mayor detenimiento.<\/p>\n<p>\u2014\u00bfCu\u00e1l fue el inicio?<\/p>\n<p>\u2014Coincidi\u00f3 con que en esos a\u00f1os hice la remake de Narciso Ib\u00e1\u00f1ez Menta: El hombre que volvi\u00f3 de la muerte, donde encarn\u00e9 al m\u00e9dico, papel que hab\u00eda estrenado Eduardo Rudy. El protagonista fue Diego Peretti, con producci\u00f3n de Pol-ka. Son temas recurrentes desde Frankenstein de Mary Shelley en el siglo XIX hasta nuestros d\u00edas. Tambi\u00e9n film\u00e9 La funeraria con producci\u00f3n de De la Vega, para Netflix y el a\u00f1o pasado se estren\u00f3 Matar al drag\u00f3n. Fueron creando una corriente de p\u00fablico. Desde hace unos diez a\u00f1os empezaron a ser le\u00eddas hasta en el Incaa de otra manera.<\/p>\n<p>\u2014Tus inicios fueron en el teatro en Rosario, tu ciudad natal: \u00bfqu\u00e9 lleg\u00f3 primero el cine o la televisi\u00f3n?<\/p>\n<p>\u2014Debut\u00e9 en el teatro en 1984 y trabaj\u00e9 en el primer largometraje que se hizo \u00edntegramente en Rosario, De regreso (el pa\u00eds dormido) de Gustavo Postiglione a finales de los ochenta. De chico hab\u00eda hecho una publicidad de un vino con mis amigos de la cuadra, porque el padre de uno de ellos era actor y nos llev\u00f3 a filmarla. Aqu\u00ed en 1999 actu\u00e9 en La venganza de Desanzo. Cuando llegu\u00e9 a Buenos Aires todo fue simult\u00e1neo, hac\u00eda publicidad, tomaba cursos con Ricardo Bart\u00eds y Alberto Ure. Empec\u00e9 a hacer bolos en la televisi\u00f3n y el primero lo hice con Daniel Fanego.<\/p>\n<p>\u2014La dupla con Ver\u00f3nica Llin\u00e1s trascendi\u00f3 la televisi\u00f3n y pas\u00f3 tambi\u00e9n a Instagram\u2026<\/p>\n<p>\u2014Nos conocimos en un ciclo de Canal 7 en un cap\u00edtulo escrito por Javier Daulte y Sandra Gugliotta donde hac\u00edamos de hermanos, donde tambi\u00e9n trabaj\u00f3 Arturo Puig. Despu\u00e9s pasaron un mont\u00f3n de a\u00f1os hasta que nos convocaron para Viudas e hijos del rock and roll (2014), m\u00e1s tarde hice una peque\u00f1a intervenci\u00f3n en Educando a Nin\u00ed. Este a\u00f1o hicimos una participaci\u00f3n en Instagram para la Asociaci\u00f3n Argentina de Actores.<\/p>\n<p>\u2014Qu\u00e9 ficciones retornan primero: \u00bfcine o televisi\u00f3n?<\/p>\n<p>\u2014Ahora hay doce pel\u00edculas que se est\u00e1n filmando. Empec\u00e9 en John Lennons de Jos\u00e9 Cicala. Me parece que la televisi\u00f3n est\u00e1 un poco temerosa, aunque la veo con m\u00e1s posibilidades de filmar. Una serie son tres o cuatro meses, mientras que en el cine si se enferma un personaje principal se cae la filmaci\u00f3n porque se hace en cuatro semanas. En las miniseries pueden seguir grabando, son doce o trece cap\u00edtulos. La producci\u00f3n tiene chance de continuar. Todo es como un acertijo. Me parece que la televisi\u00f3n en su formato miniserie tiene la mayor ventaja. Pero siento que mueren las telenovelas, ya era un formato un poco viejo. Cada vez son menos los que miran en directo desde la pantalla. Solo la gente grande ve la televisi\u00f3n de aire, desde cincuenta para abajo todo es desde el celular. Creo que la pandemia aceler\u00f3 todo. Lo \u00faltimo que hice fue Mi hermano es un clon (2018). Ahora todo es plataforma. Atrapa a un ladr\u00f3n se pod\u00eda ver entera en una de ellas. Creo que el teatro est\u00e1 herido muy grave\u2026<\/p>\n<p>\u2014Se grabaron varios espect\u00e1culos teatrales\u2026<\/p>\n<p>\u2014Esto no tiene vuelta atr\u00e1s. Ahora estoy menos enojado. Me siento m\u00e1s triste. Pero con la distancia me doy cuenta que el teatro grabado generar\u00e1 un nuevo lenguaje, con un contenido distinto. Lleg\u00f3 para quedarse, porque genera otro p\u00fablico. Como lo que hicimos con Nuestro Teatro en el Cervantes o Ecos en el San Mart\u00edn. Hay mucha gente en las provincias que no pod\u00eda venir a Buenos Aires y lo ve. Nos acercamos con otro lenguaje diferente al de la televisi\u00f3n y otro registro. Hice Asteroide de Mar\u00eda Zubir\u00ed para Nuestro Teatro. Lo filmamos con cuatro c\u00e1maras en la sala Mar\u00eda Guerrero. Fue muy raro. Me encontr\u00e9 con la escenograf\u00eda desarmada de La gesta heroica y me doli\u00f3. Iba a ser mi primera experiencia en el Cervantes.<\/p>\n<p>\u2014La ibas a estrenar en marzo del 2020: \u00bfya tienen nueva fecha?<\/p>\n<p>\u2014Creo que vamos a tener que esperar al 2022 o 2023. No tengo ganas de ensayar nada sabiendo que habr\u00e1 un 30% de espectadores. Muchas veces hicimos esa cantidad, pero esper\u00e1bamos m\u00e1s. Me duele saber que a muchos de los que estrenaron les va mal. Ahora pienso en lo audiovisual. Hay muchos que trabajaban en peque\u00f1as obras de teatro y ahora est\u00e1 todo detenido, hasta las clases que se dan por Zoom demuestran sus limitaciones. Este a\u00f1o no reflotar\u00eda Mar de noche que fue un unipersonal pensado para cien butacas, pero hoy tendr\u00eda treinta como m\u00e1ximo. Me deprimir\u00eda mucho m\u00e1s. Con lo que me sale voy sorteando la situaci\u00f3n, aunque con deudas. Mir\u00e1s Europa y el n\u00famero de los contagios es alarmante. Se suspendi\u00f3 en Estados Unidos incluso ficciones de Netflix. Nuestro sector est\u00e1 pasando por la crisis m\u00e1s grande de nuestra \u00e9poca.<\/p>\n<p>De Rosario a la fama y el reconocimiento<\/p>\n<p>A.M.<\/p>\n<p>Luis Mach\u00edn lleg\u00f3 desde su Rosario natal para poder vivir de lo que m\u00e1s ama: actuar. La televisi\u00f3n lo convoc\u00f3 numerosas veces, una de las \u00faltimas fue Atrapa a un ladr\u00f3n (2019). Desde Pol-ka en Canal 13 hasta Underground para Telefe sin olvidar al canal estatal es un actor convocado. Es un int\u00e9rprete preocupado por su pa\u00eds, informado y reflexiona: \u201cTodo lo que pasa alrededor de la vacuna es tremendo. Que se cuestione a la ANMAT me parece muy fuerte. Nunca &nbsp;antes se puso en tela de juicio a esta instituci\u00f3n. Confiamos m\u00e1s all\u00e1 del gobierno que est\u00e9. El nivel de locura es muy grande. La situaci\u00f3n nos lleva a un estado en el que no nos reconocemos. Ansiedad y angustia: si no est\u00e1s parado sobre un eje firme te lleva para cualquier lado\u201d.<\/p>\n<p>Confiesa Mach\u00edn: \u201cNunca pens\u00e9 en escribir historias. Antes de la pandemia empec\u00e9 a sentir que las notas que uno hac\u00eda se alejaban del trabajo. Hice programas para las Secretar\u00edas de Cultura de C\u00f3rdoba y de Rosario, tambi\u00e9n para un ciclo de Sagai entrevistando a gente de teatro. Arm\u00e9 los programas como quise y hablamos de lo que hacemos. Sin pretensiones de p\u00fablico ya que las subimos a Instagram. Lo recaudado fue para los entrevistados y para m\u00ed. Los hice desde mi casa. Creo que los actores generamos espacios para otros sin recibir nada a cambio. Mi fuerte no es el canje, aunque veo muy bien que los colegas lo puedan hacer. Junto con el turismo y la gastronom\u00eda somos los que m\u00e1s sufrimos. Con la cultura fueron muy estrictos, mientras que no veo eso mismo para los restaurantes o bares\u201d.<\/p>\n","protected":false},"excerpt":{"rendered":"<p>M\u00e1s noticias de espectaculos Fue una de las tantas v\u00edctimas de la pandemia, ya que la suspensi\u00f3n de las actividades culturales decretadas en marzo del a\u00f1o pasado hizo que no estrenara La gesta heroica, en el Cervantes. Pero Luis Mach\u00edn pudo seguir reinvent\u00e1ndose desde reportajes en Instagram, grabar teatro y hasta terminar una pel\u00edcula para [&hellip;]<\/p>\n","protected":false},"author":1,"featured_media":8268,"comment_status":"closed","ping_status":"closed","sticky":false,"template":"","format":"standard","meta":[],"categories":[22,21],"tags":[],"_links":{"self":[{"href":"http:\/\/cordobateve.net\/index.php\/wp-json\/wp\/v2\/posts\/8267"}],"collection":[{"href":"http:\/\/cordobateve.net\/index.php\/wp-json\/wp\/v2\/posts"}],"about":[{"href":"http:\/\/cordobateve.net\/index.php\/wp-json\/wp\/v2\/types\/post"}],"author":[{"embeddable":true,"href":"http:\/\/cordobateve.net\/index.php\/wp-json\/wp\/v2\/users\/1"}],"replies":[{"embeddable":true,"href":"http:\/\/cordobateve.net\/index.php\/wp-json\/wp\/v2\/comments?post=8267"}],"version-history":[{"count":0,"href":"http:\/\/cordobateve.net\/index.php\/wp-json\/wp\/v2\/posts\/8267\/revisions"}],"wp:featuredmedia":[{"embeddable":true,"href":"http:\/\/cordobateve.net\/index.php\/wp-json\/wp\/v2\/media\/8268"}],"wp:attachment":[{"href":"http:\/\/cordobateve.net\/index.php\/wp-json\/wp\/v2\/media?parent=8267"}],"wp:term":[{"taxonomy":"category","embeddable":true,"href":"http:\/\/cordobateve.net\/index.php\/wp-json\/wp\/v2\/categories?post=8267"},{"taxonomy":"post_tag","embeddable":true,"href":"http:\/\/cordobateve.net\/index.php\/wp-json\/wp\/v2\/tags?post=8267"}],"curies":[{"name":"wp","href":"https:\/\/api.w.org\/{rel}","templated":true}]}}