{"id":84436,"date":"2024-07-03T18:33:00","date_gmt":"2024-07-03T18:33:00","guid":{"rendered":"http:\/\/cordobateve.net\/index.php\/2024\/07\/03\/los-63-anos-de-lady-di-asi-dicen-que-se-veria-segun-la-ia\/"},"modified":"2024-07-03T18:33:00","modified_gmt":"2024-07-03T18:33:00","slug":"los-63-anos-de-lady-di-asi-dicen-que-se-veria-segun-la-ia","status":"publish","type":"post","link":"http:\/\/cordobateve.net\/index.php\/2024\/07\/03\/los-63-anos-de-lady-di-asi-dicen-que-se-veria-segun-la-ia\/","title":{"rendered":"Los 63 a\u00f1os de Lady Di: as\u00ed dicen que se ver\u00eda seg\u00fan la IA"},"content":{"rendered":"<div class=\"media_block\"><\/div>\n<p>El 1 de julio, la inolvidable<a target=\"_blank\" href=\"https:\/\/caras.perfil.com\/noticias\/internacional\/a31-de-que-vivia-lady-di-antes-de-ser-princesa-de-gales-la-profesion-mas-antigua-del-mundo.phtml\" rel=\"noopener noreferrer\"><strong> Diana de Gales<\/strong><\/a>, conocida mundialmente como <a target=\"_blank\" href=\"https:\/\/caras.perfil.com\/noticias\/internacional\/a31-desgarrador-relato-del-principe-harry-sobre-la-muerte-de-lady-di.phtml\" rel=\"noopener noreferrer\"><strong>Lady Di<\/strong><\/a>, habr\u00eda celebrado su 63\u00ba cumplea\u00f1os. Aunque hace casi 27 a\u00f1os que un tr\u00e1gico accidente le arrebat\u00f3 la vida a la princesa m\u00e1s querida del pueblo brit\u00e1nico, <strong>su legado sigue vivo, especialmente su inigualable sentido de la moda, que contin\u00faa inspirando a generaciones enteras.<\/strong><\/p>\n<div>\n<figure class=\"image\"><img alt=\"Lady Di\" src=\"http:\/\/cordobateve.net\/wp-content\/uploads\/2024\/07\/los-63-anos-de-lady-di-asi-dicen-que-se-veria-segun-la-ia-1.jpg\" loading=\"lazy\"><figcaption>As\u00ed podr\u00eda verse Lady Di hoy<\/figcaption><\/figure>\n<\/div>\n<p>Lady Di no solo fue un \u00edcono de la realeza por su simpat\u00eda y activismo humanitario, sino tambi\u00e9n por su estilo \u00fanico. Entre sus looks m\u00e1s ic\u00f3nicos, destaca <a target=\"_blank\" href=\"https:\/\/caras.perfil.com\/noticias\/realeza\/the-crown-fanaticos-cuestionan-el-episodio-del-vestido-de-la-venganza-de-lady-di.phtml\" rel=\"noopener noreferrer\"><strong>el \u00abvestido de la venganza\u00bb, un atrevido dise\u00f1o de Christina Stambolian<\/strong><\/a> que desafi\u00f3 todos los protocolos reales el d\u00eda despu\u00e9s de que el pr\u00edncipe<strong> Carlos admitiera su infidelidad con Camila Parker Bowles<\/strong>. Este vestido negro, con escote bardot y bajo asim\u00e9trico, sigue siendo un s\u00edmbolo de empoderamiento y rebeld\u00eda.<\/p>\n<p><img alt=\"Diana de Gales\" src=\"http:\/\/cordobateve.net\/wp-content\/uploads\/2024\/07\/los-63-anos-de-lady-di-asi-dicen-que-se-veria-segun-la-ia-2.jpg\" loading=\"lazy\"><\/p>\n<h2>\u00bfC\u00f3mo ser\u00eda el estilo de Lady Di hoy?<\/h2>\n<p>Seg\u00fan la Inteligencia Artificial,<a target=\"_blank\" href=\"https:\/\/caras.perfil.com\/noticias\/internacional\/a31-los-looks-de-lady-di-que-se-pusieron-a-la-venta-cuales-son-y-porque-se-venden.phtml\" rel=\"noopener noreferrer\"><strong> Lady Di&nbsp;<\/strong><\/a>se inclinar\u00eda hacia un estilo minimalista y elegante, con colores neutros como blanco, negro, beige y gris, y ocasionales toques de color.<\/p>\n<p><img alt=\"Los zapatos de Lady Di que son tendencia\" src=\"http:\/\/cordobateve.net\/wp-content\/uploads\/2024\/07\/los-63-anos-de-lady-di-asi-dicen-que-se-veria-segun-la-ia-3.jpg\" loading=\"lazy\"><\/p>\n<p>Sus prendas tendr\u00edan<strong> l\u00edneas limpias y siluetas estructuradas<\/strong>, destacando la sastrer\u00eda en vestidos y trajes sofisticados.<\/p>\n<p><a target=\"_blank\" href=\"https:\/\/caras.perfil.com\/noticias\/realeza\/lady-di-el-dia-que-aterrizo-en-argentina-conocio-carlos-y-zukemita-menem.phtml\" rel=\"noopener noreferrer\"><strong>Diana <\/strong><\/a>siempre fue conocida por su filantrop\u00eda, y su vestuario seguir\u00eda reflejando esos valores. <strong>Optar\u00eda por ropa hecha de materiales org\u00e1nicos y reciclados, apoyando marcas que promueven la moda \u00e9tica y sostenible.<\/strong> Stella McCartney ser\u00eda una de sus firmas de referencia, no solo por su compromiso con la moda sostenible, sino tambi\u00e9n por su herencia brit\u00e1nica.<\/p>\n<p><img alt=\"Lady Di \" src=\"http:\/\/cordobateve.net\/wp-content\/uploads\/2024\/07\/los-63-anos-de-lady-di-asi-dicen-que-se-veria-segun-la-ia-4.jpg\" loading=\"lazy\"><\/p>\n<p><img alt=\"Lady Di \" src=\"http:\/\/cordobateve.net\/wp-content\/uploads\/2024\/07\/los-63-anos-de-lady-di-asi-dicen-que-se-veria-segun-la-ia-5.jpg\" loading=\"lazy\"><\/p>\n<p><img alt=\"Diana de gales\" src=\"http:\/\/cordobateve.net\/wp-content\/uploads\/2024\/07\/los-63-anos-de-lady-di-asi-dicen-que-se-veria-segun-la-ia-6.jpg\" loading=\"lazy\"><\/p>\n<p><img alt=\"Lady Di y el principe Carlos subasta\" src=\"http:\/\/cordobateve.net\/wp-content\/uploads\/2024\/07\/los-63-anos-de-lady-di-asi-dicen-que-se-veria-segun-la-ia-7.jpg\" loading=\"lazy\"><\/p>\n<p>Lady Di seguir\u00eda sin abandonar s<strong>u est\u00e9tica \u201ccasual\u201d, donde los vaqueros ser\u00edan protagonistas<\/strong>.&nbsp;Hoy, seguir\u00eda apostando por la ropa deportiva de lujo, manteniendo un look pulido y moderno.<\/p>\n<div class=\"relacionadas\" readability=\"0.72164948453608\">\n<p>Tambi\u00e9n te puede interesar<\/p>\n<\/p><\/div>\n","protected":false},"excerpt":{"rendered":"<p>El 1 de julio, la inolvidable Diana de Gales, conocida mundialmente como Lady Di, habr\u00eda celebrado su 63\u00ba cumplea\u00f1os. Aunque hace casi 27 a\u00f1os que un tr\u00e1gico accidente le arrebat\u00f3 la vida a la princesa m\u00e1s querida del pueblo brit\u00e1nico, su legado sigue vivo, especialmente su inigualable sentido de la moda, que contin\u00faa inspirando a [&hellip;]<\/p>\n","protected":false},"author":1,"featured_media":84437,"comment_status":"closed","ping_status":"closed","sticky":false,"template":"","format":"standard","meta":[],"categories":[22],"tags":[],"_links":{"self":[{"href":"http:\/\/cordobateve.net\/index.php\/wp-json\/wp\/v2\/posts\/84436"}],"collection":[{"href":"http:\/\/cordobateve.net\/index.php\/wp-json\/wp\/v2\/posts"}],"about":[{"href":"http:\/\/cordobateve.net\/index.php\/wp-json\/wp\/v2\/types\/post"}],"author":[{"embeddable":true,"href":"http:\/\/cordobateve.net\/index.php\/wp-json\/wp\/v2\/users\/1"}],"replies":[{"embeddable":true,"href":"http:\/\/cordobateve.net\/index.php\/wp-json\/wp\/v2\/comments?post=84436"}],"version-history":[{"count":0,"href":"http:\/\/cordobateve.net\/index.php\/wp-json\/wp\/v2\/posts\/84436\/revisions"}],"wp:featuredmedia":[{"embeddable":true,"href":"http:\/\/cordobateve.net\/index.php\/wp-json\/wp\/v2\/media\/84437"}],"wp:attachment":[{"href":"http:\/\/cordobateve.net\/index.php\/wp-json\/wp\/v2\/media?parent=84436"}],"wp:term":[{"taxonomy":"category","embeddable":true,"href":"http:\/\/cordobateve.net\/index.php\/wp-json\/wp\/v2\/categories?post=84436"},{"taxonomy":"post_tag","embeddable":true,"href":"http:\/\/cordobateve.net\/index.php\/wp-json\/wp\/v2\/tags?post=84436"}],"curies":[{"name":"wp","href":"https:\/\/api.w.org\/{rel}","templated":true}]}}