{"id":87284,"date":"2024-08-17T11:01:23","date_gmt":"2024-08-17T11:01:23","guid":{"rendered":"https:\/\/www.clarin.com\/cultura\/cientificos-encontraron-hueso-brazo-antiguo-hobbit-humano_0_3t4MzhE09D.html"},"modified":"2024-08-17T11:01:23","modified_gmt":"2024-08-17T11:01:23","slug":"los-cientificos-encontraron-un-hueso-del-brazo-de-un-antiguo-hobbit-humano","status":"publish","type":"post","link":"http:\/\/cordobateve.net\/index.php\/2024\/08\/17\/los-cientificos-encontraron-un-hueso-del-brazo-de-un-antiguo-hobbit-humano\/","title":{"rendered":"Los cient\u00edficos encontraron un hueso del brazo de un antiguo \u201chobbit\u201d humano"},"content":{"rendered":"<p><img src=\"http:\/\/cordobateve.net\/wp-content\/uploads\/2024\/08\/los-cientificos-encontraron-un-hueso-del-brazo-de-un-antiguo-hobbit-humano.jpg\"><\/p>\n<div class=\"sc-af895f0d-0 efsJfn container-text\" readability=\"34\">\n<p>Un <strong>nuevo estudio<\/strong> describe los dientes y los huesos del brazo de<strong> 700.000 a\u00f1os de antig\u00fcedad <\/strong>de uno de <strong>nuestros parientes<\/strong> m\u00e1s enigm\u00e1ticos: un \u00ab<strong>hobbit<\/strong>\u00bb del<strong> tama\u00f1o de un ni\u00f1o peque\u00f1o<\/strong> que vivi\u00f3 en una islita ubicada entre los oc\u00e9anos \u00cdndico y Pac\u00edfico.<\/p>\n<\/div>\n<div class=\"sc-fed1235d-0 cJeYLt\"><picture class=\"sc-fed1235d-1 frqAaA\"><source media=\"(min-width: 975px)\" width=\"720\" height=\"480\" srcset=\"http:\/\/cordobateve.net\/wp-content\/uploads\/2024\/08\/los-cientificos-encontraron-un-hueso-del-brazo-de-un-antiguo-hobbit-humano-2.jpg\"><img alt=\"Un fragmento de hueso distal del h\u00famero del brazo excavado en el yacimiento arqueol\u00f3gico de Mata Menge, en la isla indonesia de Flores, en 2013.Foto: Yousuke Kaifu \/ The New York Times.\" src=\"http:\/\/cordobateve.net\/wp-content\/uploads\/2024\/08\/los-cientificos-encontraron-un-hueso-del-brazo-de-un-antiguo-hobbit-humano-2.jpg\" width=\"720\" height=\"480\" decoding=\"async\" data-nimg=\"future\" loading=\"lazy\"><span class=\"epigraphe\">Un fragmento de hueso distal del h\u00famero del brazo excavado en el yacimiento arqueol\u00f3gico de Mata Menge, en la isla indonesia de Flores, en 2013.Foto: Yousuke Kaifu \/ The New York Times.<\/span><span class=\"bkg\"><\/span><span class=\"picture-open\"><button class=\"open-image\" aria-label=\"Open Image\"><\/button><\/span><\/picture><\/div>\n<div class=\"sc-af895f0d-0 efsJfn container-text\" readability=\"40\">\n<p>El estudio, publicado en la revista <em>Nature Communications<\/em>, plantea que esta especie, el <strong>Homo floresiensis<\/strong>, a veces apodada hobbits, podr\u00eda ser <strong>a\u00fan m\u00e1s peque\u00f1a de lo que se pensaba.<\/strong> Pero los resultados siguen dividiendo a los cient\u00edficos respecto de la forma en que evolucionaron estos seres humanos tan excepcionales.<\/p>\n<\/div>\n<div class=\"sc-af895f0d-0 efsJfn container-text\" readability=\"36\">\n<p>Los hobbits <strong>fueron descubiertos por primera vez hace veinte a\u00f1os <\/strong>en el interior de la caverna de Liang Bua, en <strong>la isla indonesia de Flores<\/strong>. Cient\u00edficos australianos e indonesios desenterraron huesos y dientes, adem\u00e1s de herramientas de piedra que probablemente se utilizaran para faenar animales.<\/p>\n<\/div>\n<div class=\"sc-af895f0d-0 efsJfn container-text\" readability=\"38\">\n<p>Bas\u00e1ndose en esos huesos, los investigadores calcularon que <strong>el Homo floresiensis med\u00eda 106 cent\u00edmetros de altura<\/strong>. M\u00e1s notable que su baja estatura era su min\u00fasculo cerebro, de un tercio del tama\u00f1o del de un humano moderno. Analizando el suelo de la caverna, los cient\u00edficos determinaron que los huesos del Homo floresiensis<strong> ten\u00edan entre 100.000 y 60.000 a\u00f1os de antig\u00fcedad.<\/strong><\/p>\n<\/div>\n<p><h2>Sensacional descubrimiento<\/h2>\n<\/p>\n<div class=\"sc-af895f0d-0 efsJfn container-text\" readability=\"36\">\n<p>El sensacional descubrimiento ha hecho que los cient\u00edficos se pregunten <strong>ad\u00f3nde colocar al Homo floresiensis en el \u00e1rbol geneal\u00f3gico de los humanos y sus parientes extintos<\/strong>, un grupo conocido como homininos. Los homininos m\u00e1s antiguos eran simios de baja estatura y cerebro peque\u00f1o. Pero hace 2 millones de a\u00f1os fueron reemplazados por homininos m\u00e1s altos y con un cerebro mucho m\u00e1s grande.<\/p>\n<\/div>\n<div class=\"sc-af895f0d-0 efsJfn container-text\" readability=\"34\">\n<p>Algunos cient\u00edficos plantearon la hip\u00f3tesis de que los huesos proced\u00edan de humanos con <strong>trastornos de crecimiento<\/strong>. Pero muchos investigadores rechazaron esa explicaci\u00f3n porque la anatom\u00eda actual de las personas con esos trastornos no se parece mucho a la de los f\u00f3siles.<\/p>\n<\/div>\n<div class=\"sc-af895f0d-0 efsJfn container-text\" readability=\"38\">\n<p>El debate dio un giro en 2016, cuando los investigadores dieron a conocer un prometedor grupo de f\u00f3siles mucho m\u00e1s antiguos procedentes de otra zona de Flores llamada Mata Menge. Los f\u00f3siles, de unos 700.000 a\u00f1os de antig\u00fcedad, consist\u00edan en seis dientes y parte de una mand\u00edbula. <strong>Los f\u00f3siles de Mata Menge eran tan peque\u00f1os como los de Liang Bua o incluso m\u00e1s.<\/strong><\/p>\n<\/div>\n<div class=\"sc-fed1235d-0 cJeYLt\"><picture class=\"sc-fed1235d-1 frqAaA\"><source media=\"(min-width: 975px)\" width=\"720\" height=\"480\" srcset=\"http:\/\/cordobateve.net\/wp-content\/uploads\/2024\/08\/los-cientificos-encontraron-un-hueso-del-brazo-de-un-antiguo-hobbit-humano-3.jpg\"><img alt=\"El fragmento de h\u00famero de Mata Menge, a la izquierda, mostrado en la misma escala que el h\u00famero de otro esp\u00e9cimen de Homo floresiensis de Liang Bua. Foto: Yousuke Kaifu \/ The New York Times.\" src=\"http:\/\/cordobateve.net\/wp-content\/uploads\/2024\/08\/los-cientificos-encontraron-un-hueso-del-brazo-de-un-antiguo-hobbit-humano-3.jpg\" width=\"720\" height=\"480\" decoding=\"async\" data-nimg=\"future\" loading=\"lazy\"><span class=\"epigraphe\">El fragmento de h\u00famero de Mata Menge, a la izquierda, mostrado en la misma escala que el h\u00famero de otro esp\u00e9cimen de Homo floresiensis de Liang Bua. Foto: Yousuke Kaifu \/ The New York Times.<\/span><span class=\"bkg\"><\/span><span class=\"picture-open\"><button class=\"open-image\" aria-label=\"Open Image\"><\/button><\/span><\/picture><\/div>\n<div class=\"sc-af895f0d-0 efsJfn container-text\" readability=\"35\">\n<p>Y ahora el equipo de Mata Menge present\u00f3 otros dos dientes diminutos, as\u00ed como un trozo de h\u00famero, el hueso superior de un brazo.\u00b4<\/p>\n<\/div>\n<p><h2>Una pregunta clave<\/h2>\n<\/p>\n<div class=\"sc-af895f0d-0 efsJfn container-text\" readability=\"35\">\n<p><strong>\u00abNo pod\u00edamos decir si pertenec\u00eda a un ni\u00f1o o a un adulto\u00bb<\/strong>, declar\u00f3<strong> Yousuke Kaifu<\/strong>, paleoantrop\u00f3logo de la Universidad de Tokio. \u00abEsa es una pregunta clave\u00bb.<\/p>\n<\/div>\n<div class=\"sc-af895f0d-0 efsJfn container-text\" readability=\"35\">\n<p>Kaifu y sus colegas compararon el h\u00famero con huesos del brazo de ni\u00f1os y adultos actuales. El hueso de Mata Menge ten\u00eda muchos <strong>signos de que hab\u00eda dejado de crecer<\/strong>, lo que indicaba que el individuo era un adulto.<\/p>\n<\/div>\n<div class=\"sc-af895f0d-0 efsJfn container-text\" readability=\"35\">\n<p>Eso es sorprendente porque el h\u00famero de Mata Menge <strong>es diminuto, el m\u00e1s peque\u00f1o de cualquier hominino adulto encontrado hasta la fecha.<\/strong> Kaifu y sus colegas calcularon que el due\u00f1o del brazo hab\u00eda medido s\u00f3lo 100 cent\u00edmetros.<\/p>\n<\/div>\n<div class=\"sc-af895f0d-0 efsJfn container-text\" readability=\"34\">\n<p>Los f\u00f3siles hallados en Mata Menge parecen proceder de al menos <strong>ocho individuos<\/strong>. Los nuevos dientes y h\u00fameros presentados hacen que Kaifu y sus colegas est\u00e9n m\u00e1s seguros de que los homininos de Mata Menge eran realmente Homo floresiensis.<\/p>\n<\/div>\n<div class=\"sc-fed1235d-0 cJeYLt\"><picture class=\"sc-fed1235d-1 frqAaA\"><source media=\"(min-width: 975px)\" width=\"720\" height=\"480\" srcset=\"http:\/\/cordobateve.net\/wp-content\/uploads\/2024\/08\/los-cientificos-encontraron-un-hueso-del-brazo-de-un-antiguo-hobbit-humano-4.jpg\"><img alt=\"Los misteriosos hobbit que habitaban en la isla de Flores, en Indonesia.\" src=\"http:\/\/cordobateve.net\/wp-content\/uploads\/2024\/08\/los-cientificos-encontraron-un-hueso-del-brazo-de-un-antiguo-hobbit-humano-4.jpg\" width=\"720\" height=\"480\" decoding=\"async\" data-nimg=\"future\" loading=\"lazy\"><span class=\"epigraphe\">Los misteriosos hobbit que habitaban en la isla de Flores, en Indonesia.<\/span><span class=\"bkg\"><\/span><span class=\"picture-open\"><button class=\"open-image\" aria-label=\"Open Image\"><\/button><\/span><\/picture><\/div>\n<div class=\"sc-af895f0d-0 efsJfn container-text\" readability=\"36\">\n<p><strong>Matthew Tocheri<\/strong>, paleoantrop\u00f3logo de la Universidad canadiense de Lakehead que no particip\u00f3 en el estudio, estuvo de acuerdo. \u00ab\u00bfQu\u00e9 otra cosa podr\u00edan ser?\u00bb pregunt\u00f3. \u00abCualquier alternativa parece incre\u00edblemente improbable\u00bb.<\/p>\n<\/div>\n<div class=\"sc-af895f0d-0 efsJfn container-text\" readability=\"38\">\n<p>Sin embargo, <strong>Deborah Argue<\/strong>, paleoantrop\u00f3loga de la Universidad Nacional de Australia, dijo no estar convencida. \u00abM\u00e1s material esquel\u00e9tico de este enigm\u00e1tico hominino ayudar\u00e1 a determinar si este grupo representa a Homo floresiensis\u00bb, se\u00f1al\u00f3.<\/p>\n<\/div>\n<div class=\"sc-af895f0d-0 efsJfn container-text\" readability=\"36\">\n<p>Kaifu y sus colegas sostienen que el <strong>Homo floresiensis evolucion\u00f3 a partir de una especie de hominino alto llamado Homo erectus<\/strong>. Originario de \u00c1frica, el Homo erectus lleg\u00f3 a Java hace aproximadamente 1,3 millones de a\u00f1os y sobrevivi\u00f3 all\u00ed m\u00e1s de un mill\u00f3n de a\u00f1os.<\/p>\n<\/div>\n<p><h2>Un viaje de 700 kil\u00f3metros<\/h2>\n<\/p>\n<div class=\"sc-af895f0d-0 efsJfn container-text\" readability=\"37\">\n<p>Los investigadores plantean como hip\u00f3tesis que el Homo erectus<strong> viaj\u00f3 700 kil\u00f3metros<\/strong> hacia el este de Java hasta Flores y<strong> lleg\u00f3 a la isla hace aproximadamente 1 mill\u00f3n de a\u00f1os<\/strong>. Esa es la edad de las herramientas de piedra m\u00e1s antiguas encontradas all\u00ed. Una vez aislado en Flores, el Homo erectus <strong>perdi\u00f3 altura y alcanz\u00f3 el tama\u00f1o de un hobbit hace 700.000 a\u00f1os<\/strong>, seg\u00fan los cient\u00edficos.<\/p>\n<\/div>\n<div class=\"sc-fed1235d-0 cJeYLt\"><picture class=\"sc-fed1235d-1 frqAaA\"><source media=\"(min-width: 975px)\" width=\"720\" height=\"480\" srcset=\"http:\/\/cordobateve.net\/wp-content\/uploads\/2024\/08\/los-cientificos-encontraron-un-hueso-del-brazo-de-un-antiguo-hobbit-humano-5.jpg\"><img alt=\"La excavaci\u00f3n de Mata Menge en la cuenca de So\u2019a en 2019. La presencia de herramientas de piedra sugiere que el Homo floresiensis ten\u00eda un cerebro poderoso, dijeron los cient\u00edficos. Foto: Gerrit van den Bergh \/ The New York Times.\" src=\"http:\/\/cordobateve.net\/wp-content\/uploads\/2024\/08\/los-cientificos-encontraron-un-hueso-del-brazo-de-un-antiguo-hobbit-humano-5.jpg\" width=\"720\" height=\"480\" decoding=\"async\" data-nimg=\"future\" loading=\"lazy\"><span class=\"epigraphe\">La excavaci\u00f3n de Mata Menge en la cuenca de So\u2019a en 2019. La presencia de herramientas de piedra sugiere que el Homo floresiensis ten\u00eda un cerebro poderoso, dijeron los cient\u00edficos. Foto: Gerrit van den Bergh \/ The New York Times.<\/span><span class=\"bkg\"><\/span><span class=\"picture-open\"><button class=\"open-image\" aria-label=\"Open Image\"><\/button><\/span><\/picture><\/div>\n<div class=\"sc-af895f0d-0 efsJfn container-text\" readability=\"36\">\n<p>Kaifu especul\u00f3 sobre la posibilidad de que <strong>la escasez de alimentos <\/strong>en la isla impulsara la poco frecuente evoluci\u00f3n del Homo floresiensis. Adem\u00e1s, en ese lugar concreto, su peque\u00f1o tama\u00f1o no aumentaba el riesgo de morir por acci\u00f3n de los depredadores.<\/p>\n<\/div>\n<div class=\"sc-af895f0d-0 efsJfn container-text\" readability=\"35\">\n<p>\u00abSi uno va a una isla alejada donde no hay leones ni tigres, <strong>no tiene necesidad de ser grande<\/strong>\u00ab, dijo Kaifu.<\/p>\n<\/div>\n<div class=\"sc-af895f0d-0 efsJfn container-text\" readability=\"36\">\n<p>Seg\u00fan esta teor\u00eda, <strong>la p\u00e9rdida de estatura tambi\u00e9n redujo dr\u00e1sticamente el cerebro del Homo floresiensis<\/strong>. Y sin embargo, la presencia de herramientas de piedra en Flores indicar\u00eda que los hobbits de todos modos conservaron una <strong>gran capacidad mental.<\/strong><\/p>\n<\/div>\n<div class=\"sc-af895f0d-0 efsJfn container-text\" readability=\"34\">\n<p><strong>\u00abMe parece sorprendente\u00bb<\/strong>, dijo Kaifu. \u00abPens\u00e1bamos que ser inteligentes y tener un cerebro m\u00e1s grande era el destino de los humanos. Pero Floresiensis nos dice que no es necesariamente as\u00ed\u00bb.<\/p>\n<\/div>\n<div class=\"sc-af895f0d-0 efsJfn container-text\" readability=\"36\">\n<p>Argue no acept\u00f3 esa hip\u00f3tesis evolutiva, dada la escasez de pruebas f\u00f3siles directas de que el Homo erectus emigrara a la isla. \u00abNo podemos suponer que esta especie llegara alguna vez a Flores\u00bb, afirm\u00f3.<\/p>\n<\/div>\n<div class=\"sc-af895f0d-0 efsJfn container-text\" readability=\"34\">\n<p><strong>Tocheri tambi\u00e9n cree que la hip\u00f3tesis del Homo erectus es algo forzada<\/strong>. \u00abLas pruebas de esa idea son muy d\u00e9biles\u00bb, expres\u00f3.<\/p>\n<\/div>\n<div class=\"sc-af895f0d-0 efsJfn container-text\" readability=\"36\">\n<p>Hasta que no aparezcan m\u00e1s f\u00f3siles, dijeron Tocheri y Argue, <strong>siguen siendo plausibles otras explicaciones<\/strong>. Incluso es posible que el Homo floresiensis descendiera de homininos de \u00c1frica que ya eran diminutos cuando se desplazaron por Asia.<\/p>\n<\/div>\n<div class=\"sc-af895f0d-0 efsJfn container-text\" readability=\"32\">\n<p><strong>\u00a9 The New York Times \/ Traducci\u00f3n: Elisa Carnelli<\/strong><\/p>\n<\/div>\n","protected":false},"excerpt":{"rendered":"<p>Un nuevo estudio describe los dientes y los huesos del brazo de 700.000 a\u00f1os de antig\u00fcedad de uno de nuestros parientes m\u00e1s enigm\u00e1ticos: un \u00abhobbit\u00bb del tama\u00f1o de un ni\u00f1o peque\u00f1o que vivi\u00f3 en una islita ubicada entre los oc\u00e9anos \u00cdndico y Pac\u00edfico. Un fragmento de hueso distal del h\u00famero del brazo excavado en el [&hellip;]<\/p>\n","protected":false},"author":1,"featured_media":87285,"comment_status":"closed","ping_status":"closed","sticky":false,"template":"","format":"standard","meta":[],"categories":[22],"tags":[],"_links":{"self":[{"href":"http:\/\/cordobateve.net\/index.php\/wp-json\/wp\/v2\/posts\/87284"}],"collection":[{"href":"http:\/\/cordobateve.net\/index.php\/wp-json\/wp\/v2\/posts"}],"about":[{"href":"http:\/\/cordobateve.net\/index.php\/wp-json\/wp\/v2\/types\/post"}],"author":[{"embeddable":true,"href":"http:\/\/cordobateve.net\/index.php\/wp-json\/wp\/v2\/users\/1"}],"replies":[{"embeddable":true,"href":"http:\/\/cordobateve.net\/index.php\/wp-json\/wp\/v2\/comments?post=87284"}],"version-history":[{"count":0,"href":"http:\/\/cordobateve.net\/index.php\/wp-json\/wp\/v2\/posts\/87284\/revisions"}],"wp:featuredmedia":[{"embeddable":true,"href":"http:\/\/cordobateve.net\/index.php\/wp-json\/wp\/v2\/media\/87285"}],"wp:attachment":[{"href":"http:\/\/cordobateve.net\/index.php\/wp-json\/wp\/v2\/media?parent=87284"}],"wp:term":[{"taxonomy":"category","embeddable":true,"href":"http:\/\/cordobateve.net\/index.php\/wp-json\/wp\/v2\/categories?post=87284"},{"taxonomy":"post_tag","embeddable":true,"href":"http:\/\/cordobateve.net\/index.php\/wp-json\/wp\/v2\/tags?post=87284"}],"curies":[{"name":"wp","href":"https:\/\/api.w.org\/{rel}","templated":true}]}}