{"id":88264,"date":"2024-08-29T08:06:37","date_gmt":"2024-08-29T08:06:37","guid":{"rendered":"http:\/\/cordobateve.net\/index.php\/2024\/08\/29\/tienes-1-dia-para-verla-se-va-de-netflix-una-de-las-series-historicas-espanolas-mas-aclamadas\/"},"modified":"2024-08-29T08:06:37","modified_gmt":"2024-08-29T08:06:37","slug":"tienes-1-dia-para-verla-se-va-de-netflix-una-de-las-series-historicas-espanolas-mas-aclamadas","status":"publish","type":"post","link":"http:\/\/cordobateve.net\/index.php\/2024\/08\/29\/tienes-1-dia-para-verla-se-va-de-netflix-una-de-las-series-historicas-espanolas-mas-aclamadas\/","title":{"rendered":"Tienes 1 d\u00eda para verla: Se va de <b>Netflix<\/b> una de las series hist\u00f3ricas espa\u00f1olas m\u00e1s aclamadas"},"content":{"rendered":"<p>El ambicioso rodaje de la serie, producido gracias a la colaboraci\u00f3n entre Atresmedia, Televisi\u00f3 de Catalunya, <b>Netflix<\/b> y Diagonal TV, dio comienzo&nbsp;&#8230; <\/p>\n","protected":false},"excerpt":{"rendered":"<p>El ambicioso rodaje de la serie, producido gracias a la colaboraci\u00f3n entre Atresmedia, Televisi\u00f3 de Catalunya, Netflix y Diagonal TV, dio comienzo&nbsp;&#8230;<\/p>\n","protected":false},"author":1,"featured_media":0,"comment_status":"closed","ping_status":"closed","sticky":false,"template":"","format":"standard","meta":[],"categories":[23],"tags":[],"_links":{"self":[{"href":"http:\/\/cordobateve.net\/index.php\/wp-json\/wp\/v2\/posts\/88264"}],"collection":[{"href":"http:\/\/cordobateve.net\/index.php\/wp-json\/wp\/v2\/posts"}],"about":[{"href":"http:\/\/cordobateve.net\/index.php\/wp-json\/wp\/v2\/types\/post"}],"author":[{"embeddable":true,"href":"http:\/\/cordobateve.net\/index.php\/wp-json\/wp\/v2\/users\/1"}],"replies":[{"embeddable":true,"href":"http:\/\/cordobateve.net\/index.php\/wp-json\/wp\/v2\/comments?post=88264"}],"version-history":[{"count":0,"href":"http:\/\/cordobateve.net\/index.php\/wp-json\/wp\/v2\/posts\/88264\/revisions"}],"wp:attachment":[{"href":"http:\/\/cordobateve.net\/index.php\/wp-json\/wp\/v2\/media?parent=88264"}],"wp:term":[{"taxonomy":"category","embeddable":true,"href":"http:\/\/cordobateve.net\/index.php\/wp-json\/wp\/v2\/categories?post=88264"},{"taxonomy":"post_tag","embeddable":true,"href":"http:\/\/cordobateve.net\/index.php\/wp-json\/wp\/v2\/tags?post=88264"}],"curies":[{"name":"wp","href":"https:\/\/api.w.org\/{rel}","templated":true}]}}