{"id":88334,"date":"2024-08-30T10:11:10","date_gmt":"2024-08-30T10:11:10","guid":{"rendered":"http:\/\/cordobateve.net\/index.php\/2024\/08\/30\/presentacion-de-la-serie-respira-de-netflix-en-madrid-las-provincias\/"},"modified":"2024-08-30T10:11:10","modified_gmt":"2024-08-30T10:11:10","slug":"presentacion-de-la-serie-respira-de-netflix-en-madrid-las-provincias","status":"publish","type":"post","link":"http:\/\/cordobateve.net\/index.php\/2024\/08\/30\/presentacion-de-la-serie-respira-de-netflix-en-madrid-las-provincias\/","title":{"rendered":"Presentaci\u00f3n de la serie &#039;Respira&#039; de <b>Netflix<\/b> en Madrid | Las Provincias"},"content":{"rendered":"<p>Programaci\u00f3n TV &middot; El Tiempo &middot; Traductor valenciano espa\u00f1ol &middot; Ecomov &middot; Traductor &#8230; Presentaci\u00f3n de la serie &#39;Respira&#39; de <b>Netflix<\/b> en Madrid. La&nbsp;&#8230; <\/p>\n","protected":false},"excerpt":{"rendered":"<p>Programaci\u00f3n TV &middot; El Tiempo &middot; Traductor valenciano espa\u00f1ol &middot; Ecomov &middot; Traductor &#8230; Presentaci\u00f3n de la serie &#39;Respira&#39; de Netflix en Madrid. La&nbsp;&#8230;<\/p>\n","protected":false},"author":1,"featured_media":0,"comment_status":"closed","ping_status":"closed","sticky":false,"template":"","format":"standard","meta":[],"categories":[23],"tags":[],"_links":{"self":[{"href":"http:\/\/cordobateve.net\/index.php\/wp-json\/wp\/v2\/posts\/88334"}],"collection":[{"href":"http:\/\/cordobateve.net\/index.php\/wp-json\/wp\/v2\/posts"}],"about":[{"href":"http:\/\/cordobateve.net\/index.php\/wp-json\/wp\/v2\/types\/post"}],"author":[{"embeddable":true,"href":"http:\/\/cordobateve.net\/index.php\/wp-json\/wp\/v2\/users\/1"}],"replies":[{"embeddable":true,"href":"http:\/\/cordobateve.net\/index.php\/wp-json\/wp\/v2\/comments?post=88334"}],"version-history":[{"count":0,"href":"http:\/\/cordobateve.net\/index.php\/wp-json\/wp\/v2\/posts\/88334\/revisions"}],"wp:attachment":[{"href":"http:\/\/cordobateve.net\/index.php\/wp-json\/wp\/v2\/media?parent=88334"}],"wp:term":[{"taxonomy":"category","embeddable":true,"href":"http:\/\/cordobateve.net\/index.php\/wp-json\/wp\/v2\/categories?post=88334"},{"taxonomy":"post_tag","embeddable":true,"href":"http:\/\/cordobateve.net\/index.php\/wp-json\/wp\/v2\/tags?post=88334"}],"curies":[{"name":"wp","href":"https:\/\/api.w.org\/{rel}","templated":true}]}}