{"id":88675,"date":"2024-09-06T01:32:00","date_gmt":"2024-09-06T01:32:00","guid":{"rendered":"http:\/\/cordobateve.net\/index.php\/2024\/09\/06\/javiera-mena-a-veces-no-se-supera-el-amargor-de-la-vida-entonces-hay-que-saborearlo\/"},"modified":"2024-09-06T01:32:00","modified_gmt":"2024-09-06T01:32:00","slug":"javiera-mena-a-veces-no-se-supera-el-amargor-de-la-vida-entonces-hay-que-saborearlo","status":"publish","type":"post","link":"http:\/\/cordobateve.net\/index.php\/2024\/09\/06\/javiera-mena-a-veces-no-se-supera-el-amargor-de-la-vida-entonces-hay-que-saborearlo\/","title":{"rendered":"Javiera Mena: \u00abA veces no se supera el amargor de la vida, entonces hay que saborearlo\u00bb"},"content":{"rendered":"<div class=\"media_block\"><\/div>\n<p><a target=\"_blank\" href=\"https:\/\/www.perfil.com\/noticias\/espectaculos\/quiero-transmitir-autenticidad.phtml\" rel=\"noopener noreferrer\">Javiera Mena<\/a> dice que su primera conexi\u00f3n con la m\u00fasica<strong> fueron sus abuelos<\/strong>. La abuela le silbaba para acostarla y cuando caminaba al centro, sus tacos repet\u00edan un patr\u00f3n r\u00edtmico que llamaba la atenci\u00f3n de la futura cantautora. El abuelo, por su lado, era mel\u00f3mano y en un buen sistema, que Javiera describe como \u201c<em>power<\/em>\u201d, pon\u00eda discos variados.<\/p>\n<p class=\"destacadoNota\"><a target=\"_blank\" href=\"https:\/\/https:\/\/www.perfil.com\/noticias\/cultura\/rolling-stone-eligio-los-50-mejores-albumes-de-rock-latinos-que-artistas-argentinos-estan-en-el-ranking.phtml\" rel=\"noopener noreferrer\">Los mejores \u00e1lbumes de rock latino seg\u00fan Rolling Stone.<\/a><\/p>\n<p>En 2006, lanz\u00f3 <em>Esquemas Juveniles<\/em>, que signific\u00f3 algo inusual, casi contraintuitivo: un <strong>primer disco consagratorio<\/strong>. Su manera de vincular los sonidos electr\u00f3nicos con la canci\u00f3n rom\u00e1ntica constituy\u00f3 una s\u00edntesis que se ven\u00eda palpitando. El disco se edit\u00f3 en Chile, de la mano del sello Quemasucabeza y en Argentina, con el sello \u00cdndice Virgen. Esa co-edici\u00f3n represent\u00f3, de inmediato, una conexi\u00f3n con el p\u00fablico argentino, que la escucha desde ese entonces y la espera con intensidad cada vez que viene. Esta vez, la cita es el 25 de octubre, en el Margarita Xirgu.<\/p>\n<div class=\"subscription\" readability=\"6.683257918552\">\n<p>\nEsto no les gusta a los autoritarios\n<\/p>\n<div class=\"subscription__container\" readability=\"6.1467391304348\">\n<div class=\"subscription__text-wrapper\" readability=\"31.20652173913\">\n<p>\nEl ejercicio del periodismo profesional y cr\u00edtico es un pilar fundamental de la democracia. Por eso molesta a quienes creen ser los due\u00f1os de la verdad.\n<\/p>\n<\/p><\/div>\n<\/div><\/div>\n<p><strong>\u2014Vos siempre estuviste muy vinculada a la Argentina.<\/strong><\/p>\n<p>\u2014S\u00ed, y de hecho ahora estoy trabajando con el sello argentino Geiser. La relaci\u00f3n con este pa\u00eds viene desde antes de hacer mi m\u00fasica. Cuando empec\u00e9 a componer empec\u00e9 a venir a Argentina, la primera vez en bus, a los 19 a\u00f1os. Me encontr\u00e9 con <strong>una escena muy rica<\/strong>: <a target=\"_blank\" href=\"https:\/\/https:\/\/www.perfil.com\/noticias\/protagonistas\/juliana-gattas-lanza-un-disco-como-solista.phtml\" rel=\"noopener noreferrer\">Miranda<\/a>, los DJ Pareja, <a target=\"_blank\" href=\"https:\/\/https:\/\/www.perfil.com\/noticias\/protagonistas\/leo-garcia-en-nueva-etapa-el-secreto-para-mantenerse-es-tener-altibajos.phtml\" rel=\"noopener noreferrer\">Leo Garc\u00eda<\/a>, las letras de Pablo Schanton, <a target=\"_blank\" href=\"https:\/\/https:\/\/www.perfil.com\/noticias\/espectaculos\/la-presencia-eterna-de-rosario-blefari.phtml\" rel=\"noopener noreferrer\">Rosario Bl\u00e9fari<\/a> entre tantos otros. Me di cuenta que hab\u00eda una escena m\u00e1s desarrollada que la chilena y <strong>me inspir\u00e9 mucho de ella<\/strong>. Veo a Argentina como un hogar, como ser humano m\u00e1s que como artista.<\/p>\n<p><strong>\u2014\u00bfEn Chile era muy distinto?<\/strong><\/p>\n<p>\u2014Creo que la gran diferencia estaba marcada por los espacios, que te dan el medio para desarrollarte como artista. <strong>Es otra historia que la Argentina<\/strong>, donde siempre abundaron las discotecas, los festivales y donde siempre prolifer\u00f3 mucho la cultura. No hay que olvidar que la dictadura en <a target=\"_blank\" href=\"https:\/\/https:\/\/www.perfil.com\/noticias\/protagonistas\/pablo-larrain-director-el-conde-hablo-argentina-1985-santiago-mitre.phtml\" rel=\"noopener noreferrer\">Chile todav\u00eda es reciente<\/a>. Venimos de un desierto que reci\u00e9n empez\u00f3 a mutar en los a\u00f1os \u201890.&nbsp; Creo que la conectividad vino a emparejar un poco m\u00e1s la cosa.<\/p>\n<div>\n<figure class=\"image\"><img alt=\"javieraMena2024agosto\" height=\"500\" src=\"http:\/\/cordobateve.net\/wp-content\/uploads\/2024\/09\/javiera-mena-a-veces-no-se-supera-el-amargor-de-la-vida-entonces-hay-que-saborearlo.jpg\" width=\"728\" loading=\"lazy\"><figcaption>Javiera Mena lanz\u00f3 como adelanto &#8216;Volver a llorar&#8217;, corte de su nueva producci\u00f3n.<\/figcaption><\/figure>\n<\/p><\/div>\n<p>A su debut discogr\u00e1fico le siguieron <em>Mena<\/em>&nbsp;(2010), <em>Primeras Composiciones 2000-2003<\/em>&nbsp;(2013), <em>Otra Era&nbsp;<\/em>(2014),&nbsp; <em>Espejo<\/em>&nbsp;(2018) y <em>Nocturna<\/em>&nbsp;(2022). La \u00f3rbita se presenta regular: cada tres o cuatro a\u00f1os la artista presenta un nuevo trabajo. Y hace unas semanas<strong> vio la luz <em>Volver a llorar<\/em>,<\/strong> el primer adelanto de su pr\u00f3ximo \u00e1lbum, que sali\u00f3 acompa\u00f1ada de un video dirigido por Joseph Ros, en donde la artista encarna a una vampiresa. All\u00ed, el yo l\u00edrico entona: \u00abY volver a sangrar y la sangre chupar\u201d. Como si se tratara de una lectura literal del verso, la pieza audiovisual profundiza la posibilidad de no tenerle miedo a las heridas abiertas. Es una canci\u00f3n que invita a conectar con la pena. De alguna manera, est\u00e1 dirigida a alguien que que no puede llorar, que est\u00e1 desconectado de la pena. Concretamente, la invitaci\u00f3n es a llorar. Creo que llorar es una especie de curaci\u00f3n.<\/p>\n<p><strong>\u2014Nos da miedo encarar el sufrimiento.<\/strong><\/p>\n<p>\u2014S\u00ed. Por eso dir\u00eda que esta es <strong>una invitaci\u00f3n a aceptar la pen<\/strong>a, sabiendo que nos cuesta mucho asumir la p\u00e9rdida. A veces no se supera el amargor de la vida. Entonces hay que saborearlo. Es inc\u00f3modo pasarla mal, al punto de que cuesta nombrar esas sensaciones. Pero no por eso dejan de estar presentes.<\/p>\n<p class=\"destacadoNota\">\u00abEn Argentina siempre prolifer\u00f3 mucho la cultura\u00bb, dice Javiera Mena.<\/p>\n<p><strong>\u2014\u00bfEn qu\u00e9 momento est\u00e1 tu show en vivo?<\/strong><\/p>\n<p>\u2014Me preocupa que haya un hilo conductor en el espect\u00e1culo. Y, por otro lado, estoy presentando una transici\u00f3n entre lo que estoy haciendo ahora y el disco. Canciones nuevas, adem\u00e1s de nuevas versiones de canciones de antes.<\/p>\n<p><strong>\u2014\u00bfEn qu\u00e9 sentido es una transici\u00f3n?<\/strong><\/p>\n<p>\u2014A m\u00ed el show en vivo me ense\u00f1a a tantear lo que estoy componiendo. Es una instancia para masticar algunas canciones nuevas. A veces sac\u00e1s un disco y <strong>al tocarlo en vivo<\/strong> te das cuenta de que podr\u00edas haber tomado otras decisiones.<\/p>\n<p><strong>\u2014Antes la banda sal\u00eda a tocar y luego sal\u00eda el disco.<\/strong><\/p>\n<p>\u2014S\u00ed. Los discos eran una acumulaci\u00f3n de singles. A m\u00ed me gusta la era de los singles. Yo e<strong>mpec\u00e9 a subir mi m\u00fasica a MySpace:<\/strong> en aquella \u00e9poca nadie compraba discos, pero todav\u00eda el streaming no se hab\u00eda institucionalizado. Entonces, es como si esa era, que en su momento hab\u00eda vuelto, ahora se vuelve a imponer. Y a mi me parece muy bien.<\/p>\n<div class=\"article__tags\">\n<p>En esta Nota<\/p>\n<\/p><\/div>\n","protected":false},"excerpt":{"rendered":"<p>Javiera Mena dice que su primera conexi\u00f3n con la m\u00fasica fueron sus abuelos. La abuela le silbaba para acostarla y cuando caminaba al centro, sus tacos repet\u00edan un patr\u00f3n r\u00edtmico que llamaba la atenci\u00f3n de la futura cantautora. El abuelo, por su lado, era mel\u00f3mano y en un buen sistema, que Javiera describe como \u201cpower\u201d, [&hellip;]<\/p>\n","protected":false},"author":1,"featured_media":88676,"comment_status":"closed","ping_status":"closed","sticky":false,"template":"","format":"standard","meta":[],"categories":[22],"tags":[],"_links":{"self":[{"href":"http:\/\/cordobateve.net\/index.php\/wp-json\/wp\/v2\/posts\/88675"}],"collection":[{"href":"http:\/\/cordobateve.net\/index.php\/wp-json\/wp\/v2\/posts"}],"about":[{"href":"http:\/\/cordobateve.net\/index.php\/wp-json\/wp\/v2\/types\/post"}],"author":[{"embeddable":true,"href":"http:\/\/cordobateve.net\/index.php\/wp-json\/wp\/v2\/users\/1"}],"replies":[{"embeddable":true,"href":"http:\/\/cordobateve.net\/index.php\/wp-json\/wp\/v2\/comments?post=88675"}],"version-history":[{"count":0,"href":"http:\/\/cordobateve.net\/index.php\/wp-json\/wp\/v2\/posts\/88675\/revisions"}],"wp:featuredmedia":[{"embeddable":true,"href":"http:\/\/cordobateve.net\/index.php\/wp-json\/wp\/v2\/media\/88676"}],"wp:attachment":[{"href":"http:\/\/cordobateve.net\/index.php\/wp-json\/wp\/v2\/media?parent=88675"}],"wp:term":[{"taxonomy":"category","embeddable":true,"href":"http:\/\/cordobateve.net\/index.php\/wp-json\/wp\/v2\/categories?post=88675"},{"taxonomy":"post_tag","embeddable":true,"href":"http:\/\/cordobateve.net\/index.php\/wp-json\/wp\/v2\/tags?post=88675"}],"curies":[{"name":"wp","href":"https:\/\/api.w.org\/{rel}","templated":true}]}}