{"id":95054,"date":"2024-11-22T19:31:09","date_gmt":"2024-11-22T19:31:09","guid":{"rendered":"https:\/\/www.espinof.com\/amazon-prime-video\/drama-familiar-combinado-terror-psicologico-esta-pelicula-se-corona-como-vista-mexico-prime-video"},"modified":"2024-11-22T19:31:09","modified_gmt":"2024-11-22T19:31:09","slug":"drama-familiar-combinado-con-terror-psicologico-esta-pelicula-se-corona-como-la-mas-vista-de-mexico-en-prime-video","status":"publish","type":"post","link":"http:\/\/cordobateve.net\/index.php\/2024\/11\/22\/drama-familiar-combinado-con-terror-psicologico-esta-pelicula-se-corona-como-la-mas-vista-de-mexico-en-prime-video\/","title":{"rendered":"Drama familiar combinado con terror psicol\u00f3gico: esta pel\u00edcula se corona como la m\u00e1s vista de M\u00e9xico en Prime Video"},"content":{"rendered":"<p>En M\u00e9xico, uno de los g\u00e9neros cinematogr\u00e1ficos favoritos del p\u00fablico es, sin duda, el terror, y no s\u00f3lo del que llega con <strong>producciones de Hollywood, <\/strong>sino tambi\u00e9n de historias producidas en el mismo pa\u00eds, como lo fue en su momento la cinta &#8216;Huesera&#8217;, sin embargo, ahora el suspenso llega en forma de drama familiar con una pel\u00edcula que se ha convertido <a rel=\"noopener, noreferrer\" href=\"https:\/\/flixpatrol.com\/title\/las-tias\/\">en la m\u00e1s vista de Prime Video en M\u00e9xico<\/a>, donde la que el v\u00ednculo de madre e hija pende de un hilo.<\/p>\n<p><!-- BREAK 1 --> <\/p>\n<p>&#8216;Las T\u00edas&#8217;, es una inquietante pel\u00edcula de terror dirigida por <strong>Felipe Mart\u00ednez Amador<\/strong> que combina elementos paranormales con un drama familiar profundo. Protagonizada por <strong>Ximena Sari\u00f1ana<\/strong> en su primer rol principal en el g\u00e9nero, la historia sigue a una madre que se muda a una antigua casa familiar para realizar un tratamiento experimental con la esperanza de ayudar a su hija autista a comunicarse.<\/p>\n<p><!-- BREAK 2 --><\/p>\n<p>Lo que comienza como un aparente milagro (porque la ni\u00f1a empieza a hablar) pronto se convierte<strong> en un viaje aterrador<\/strong>, ya que el lugar est\u00e1 habitado por entidades vengativas que regresan para saldar deudas del pasado.<\/p>\n<p><!-- BREAK 3 --> <\/p>\n<p>La pel\u00edcula destaca por su enfoque \u00fanico al g\u00e9nero al entrelazar los desaf\u00edos de la comunicaci\u00f3n humana con los horrores sobrenaturales, adem\u00e1s <strong>de la exploraci\u00f3n de la sensaci\u00f3n de culpa<\/strong> por parte de la madre, que pone de manifiesto la duda personal que la ronda desde el nacimiento de su hija: el saber si ha sabido ejercer bien la maternidad.<\/p>\n<p><!-- BREAK 4 --><\/p>\n<div class=\"article-asset article-asset-normal article-asset-center\">\n<div class=\"desvio-container\">\n<div class=\"desvio\">\n<div class=\"desvio-figure js-desvio-figure\"> <a href=\"https:\/\/www.xataka.com\/empresas-y-economia\/expertos-empleo-han-analizado-edad-poblacion-activa-espana-2030-40-empleados-tendra-50-anos#mrfhud=true\" target=\"_blank\" rel=\"noopener noreferrer\"> <img loading=\"lazy\" alt=\"Unos expertos han mirado el mercado laboral espa\u00f1ol y han llegado a una conclusi\u00f3n: en 2030 el 40% tendr\u00e1 m\u00e1s de 50 a\u00f1os\" width=\"375\" height=\"142\" src=\"http:\/\/cordobateve.net\/wp-content\/uploads\/2024\/11\/drama-familiar-combinado-con-terror-psicologico-esta-pelicula-se-corona-como-la-mas-vista-de-mexico-en-prime-video.jpg\"> <\/a> <\/div><\/div><\/div>\n<\/div>\n<p>Estrenada el pasado mes de agosto dentro de las actividades del festival de <strong>Cine de Terror Macabro XXIII<\/strong>, &#8216;Las T\u00edas&#8217; es una producci\u00f3n estadounidense que, aunque la trama puede encausarnos a pensar que es la cl\u00e1sica historia de fantasmas atrapados en una casa vieja, nos encamina a descubrir que los lazos entre la tragedia y el amor se mezclan para ser el hilo conductor de la historia.&nbsp;<\/p>\n<p><!-- BREAK 5 --><\/p>\n<h3>Una protagonista sorpresa<\/h3>\n<p>Para ser sinceros, la mejor actuaci\u00f3n de la pel\u00edcula se la lleva la peque\u00f1a Camila, quiz\u00e1 porque <strong>por su inocente apariencia y por la condici\u00f3n de autismo<\/strong> que sabe representar a la perfecci\u00f3n en pantalla nos ofrece una de las grandes sorpresas de la pel\u00edcula, pero tampoco dejamos atr\u00e1s a Ximena Sari\u00f1ana, que, con su primer protag\u00f3nico en el g\u00e9nero, la vemos alejada de las comedias para entregar una actuaci\u00f3n s\u00f3lida.<\/p>\n<p><!-- BREAK 6 --> <\/p>\n<p>La trama, aunque predecible en algunos puntos, logra generar tensi\u00f3n y sobresaltos gracias a una atm\u00f3sfera opresiva y a una banda sonora que acent\u00faa los momentos m\u00e1s terror\u00edficos. Si bien podemos decir que la fotograf\u00eda, <strong>a veces en exceso oscura y l\u00fagubre<\/strong>, contribuye a crear una est\u00e9tica visual que acompa\u00f1a a la perfecci\u00f3n la historia.<\/p>\n<p><!-- BREAK 7 --><\/p>\n<p>En definitiva, &#8216;Las t\u00edas&#8217; es una propuesta interesante dentro del cine de terror latinoamericano, que combina elementos cl\u00e1sicos del g\u00e9nero <strong>con una tem\u00e1tica m\u00e1s personal y conmovedora <\/strong>que, aunque adolezca en ciertos tropiezos de ritmo y algunos personajes secundarios poco desarrollados, se convierte en una grata experiencia para cerrar la semana frente al televisor.<\/p>\n<p><!-- BREAK 8 --><\/p>\n<p>&#8216;Las t\u00edas&#8217; est\u00e1 disponible en <a rel=\"nofollow, sponsored, noopener, noreferrer noopener\" target=\"_blank\" class=\"js-ecommerce\" href=\"https:\/\/www.espinof.com\/redirect?url=https%3A%2F%2Fwww.primevideo.com%2Fdetail%2F0S9C3WKYDJL5K2T06CX69MCBUC%2Fref%3Datv_dp_share_cu_r&amp;category=amazon-prime-video&amp;ecomPostExpiration=perish&amp;postId=242020\" data-vars-affiliate-url=\"https:\/\/www.primevideo.com\/detail\/0S9C3WKYDJL5K2T06CX69MCBUC\/ref=atv_dp_share_cu_r\">Prime Video M\u00e9xico<\/a><\/p>\n<p>En Espinof | <a href=\"https:\/\/www.espinof.com\/hbo\/vision-viejo-oeste-visto-a-traves-mente-kevin-costner-llega-a-hbo-max-cinta-vaqueros-que-arrasa-mexico\">La visi\u00f3n del Viejo Oeste visto a trav\u00e9s de la mente de Kevin Costner llega a HBO Max en una cinta de vaqueros que arrasa en M\u00e9xico<\/a><\/p>\n<p>En Espinof | <a href=\"https:\/\/www.espinof.com\/actores-y-actrices\/que-fue-kuno-becker-actor-mexicano-promesa-hollywood-que-triunfo-doblaje-se-desvanecio-panorama\">Qu\u00e9 fue de Kuno Becker, el actor mexicano promesa de Hollywood que triunf\u00f3 en el doblaje y se desvaneci\u00f3 del panorama<\/a><\/p>\n","protected":false},"excerpt":{"rendered":"<p>En M\u00e9xico, uno de los g\u00e9neros cinematogr\u00e1ficos favoritos del p\u00fablico es, sin duda, el terror, y no s\u00f3lo del que llega con producciones de Hollywood, sino tambi\u00e9n de historias producidas en el mismo pa\u00eds, como lo fue en su momento la cinta &#8216;Huesera&#8217;, sin embargo, ahora el suspenso llega en forma de drama familiar con [&hellip;]<\/p>\n","protected":false},"author":1,"featured_media":95055,"comment_status":"closed","ping_status":"closed","sticky":false,"template":"","format":"standard","meta":[],"categories":[24],"tags":[],"_links":{"self":[{"href":"http:\/\/cordobateve.net\/index.php\/wp-json\/wp\/v2\/posts\/95054"}],"collection":[{"href":"http:\/\/cordobateve.net\/index.php\/wp-json\/wp\/v2\/posts"}],"about":[{"href":"http:\/\/cordobateve.net\/index.php\/wp-json\/wp\/v2\/types\/post"}],"author":[{"embeddable":true,"href":"http:\/\/cordobateve.net\/index.php\/wp-json\/wp\/v2\/users\/1"}],"replies":[{"embeddable":true,"href":"http:\/\/cordobateve.net\/index.php\/wp-json\/wp\/v2\/comments?post=95054"}],"version-history":[{"count":0,"href":"http:\/\/cordobateve.net\/index.php\/wp-json\/wp\/v2\/posts\/95054\/revisions"}],"wp:featuredmedia":[{"embeddable":true,"href":"http:\/\/cordobateve.net\/index.php\/wp-json\/wp\/v2\/media\/95055"}],"wp:attachment":[{"href":"http:\/\/cordobateve.net\/index.php\/wp-json\/wp\/v2\/media?parent=95054"}],"wp:term":[{"taxonomy":"category","embeddable":true,"href":"http:\/\/cordobateve.net\/index.php\/wp-json\/wp\/v2\/categories?post=95054"},{"taxonomy":"post_tag","embeddable":true,"href":"http:\/\/cordobateve.net\/index.php\/wp-json\/wp\/v2\/tags?post=95054"}],"curies":[{"name":"wp","href":"https:\/\/api.w.org\/{rel}","templated":true}]}}