{"id":95059,"date":"2024-11-22T20:07:13","date_gmt":"2024-11-22T20:07:13","guid":{"rendered":"http:\/\/cordobateve.net\/index.php\/2024\/11\/22\/900-dias-sin-anabel-el-secuestro-mas-largo-de-la-historia-de-espana-llego-a-netflix-y-ya\/"},"modified":"2024-11-22T20:07:13","modified_gmt":"2024-11-22T20:07:13","slug":"900-dias-sin-anabel-el-secuestro-mas-largo-de-la-historia-de-espana-llego-a-netflix-y-ya","status":"publish","type":"post","link":"http:\/\/cordobateve.net\/index.php\/2024\/11\/22\/900-dias-sin-anabel-el-secuestro-mas-largo-de-la-historia-de-espana-llego-a-netflix-y-ya\/","title":{"rendered":"900 d\u00edas sin Anabel: el secuestro m\u00e1s largo de la historia de Espa\u00f1a lleg\u00f3 a <b>Netflix<\/b> y ya &#8230;"},"content":{"rendered":"<p>Estrenos, personajes y las recomendaciones de nuestros editores para que no te quedes afuera. RECIBIR NEWSLETTER. \u00daltimas Noticias. <\/p>\n","protected":false},"excerpt":{"rendered":"<p>Estrenos, personajes y las recomendaciones de nuestros editores para que no te quedes afuera. RECIBIR NEWSLETTER. \u00daltimas Noticias.<\/p>\n","protected":false},"author":1,"featured_media":0,"comment_status":"closed","ping_status":"closed","sticky":false,"template":"","format":"standard","meta":[],"categories":[23],"tags":[],"_links":{"self":[{"href":"http:\/\/cordobateve.net\/index.php\/wp-json\/wp\/v2\/posts\/95059"}],"collection":[{"href":"http:\/\/cordobateve.net\/index.php\/wp-json\/wp\/v2\/posts"}],"about":[{"href":"http:\/\/cordobateve.net\/index.php\/wp-json\/wp\/v2\/types\/post"}],"author":[{"embeddable":true,"href":"http:\/\/cordobateve.net\/index.php\/wp-json\/wp\/v2\/users\/1"}],"replies":[{"embeddable":true,"href":"http:\/\/cordobateve.net\/index.php\/wp-json\/wp\/v2\/comments?post=95059"}],"version-history":[{"count":0,"href":"http:\/\/cordobateve.net\/index.php\/wp-json\/wp\/v2\/posts\/95059\/revisions"}],"wp:attachment":[{"href":"http:\/\/cordobateve.net\/index.php\/wp-json\/wp\/v2\/media?parent=95059"}],"wp:term":[{"taxonomy":"category","embeddable":true,"href":"http:\/\/cordobateve.net\/index.php\/wp-json\/wp\/v2\/categories?post=95059"},{"taxonomy":"post_tag","embeddable":true,"href":"http:\/\/cordobateve.net\/index.php\/wp-json\/wp\/v2\/tags?post=95059"}],"curies":[{"name":"wp","href":"https:\/\/api.w.org\/{rel}","templated":true}]}}