{"id":9634,"date":"2021-02-24T01:12:02","date_gmt":"2021-02-24T01:12:02","guid":{"rendered":"https:\/\/www.clarin.com\/cultura\/murio-lawrence-ferlinghetti-fin-generacion-beat_0_s8mEcdoqO.html"},"modified":"2021-02-24T01:12:02","modified_gmt":"2021-02-24T01:12:02","slug":"murio-lawrence-ferlinghetti-el-fin-de-la-generacion-beat","status":"publish","type":"post","link":"http:\/\/cordobateve.net\/index.php\/2021\/02\/24\/murio-lawrence-ferlinghetti-el-fin-de-la-generacion-beat\/","title":{"rendered":"Muri\u00f3 Lawrence Ferlinghetti: el fin de la generaci\u00f3n beat"},"content":{"rendered":"<p><img src=\"http:\/\/cordobateve.net\/wp-content\/uploads\/2021\/02\/murio-lawrence-ferlinghetti-el-fin-de-la-generacion-beat.jpg\"><\/p>\n<div><img src=\"http:\/\/cordobateve.net\/wp-content\/uploads\/2021\/02\/murio-lawrence-ferlinghetti-el-fin-de-la-generacion-beat.jpg\" class=\"ff-og-image-inserted\"><\/div>\n<p>Durante los \u00faltimos a\u00f1os se ha convertido en un t\u00f3pico afirmar, cuando muere alguna gran personalidad pol\u00edtica o cultural a una edad avanzada, que con ella termina el siglo XX. Pero con <strong>Lawrence Felinghetti<\/strong> la afirmaci\u00f3n adquiere la consistencia de la verdad. Aunque parezca mentira, el soldado de la <a alt=\"segunda-guerra-mundial\" class=\"slug\" href=\"https:\/\/www.clarin.com\/tema\/segunda-guerra-mundial.html\" target=\"_blank\" title=\"segunda-guerra-mundial\" rel=\"noopener noreferrer\">Segunda Guerra Mundial<\/a> en la invasi\u00f3n de Normand\u00eda que naci\u00f3 el a\u00f1o en que finaliz\u00f3 la Primera, el amigo de<strong> Jack Kerouac<\/strong>, el fundador de la legendaria librer\u00eda City Lights, el editor de <em>Aullido<\/em>, el \u00faltimo miembro de la Generaci\u00f3n Beat, falleci\u00f3 en su casa de San Francisco el lunes pasado, d\u00eda 22 de marzo, a los 101 a\u00f1os de edad. Fue, por tanto, m\u00e1s longevo que el siglo pasado. Y que todos los siglos anteriores.<\/p>\n<p> Tras una infancia hu\u00e9rfana y una licenciatura en periodismo en la universidad p\u00fablica de Carolina del Norte en Chapel Hill, se inici\u00f3 en la escritura como <strong>periodista deportivo<\/strong>. Pero estudios posteriores en literatura, tanto en Columbia como en Francia, viraron su trayectoria hacia la poes\u00eda. La Segunda Guerra Mundial y un doctorado en la Sorbona le cambiaron la vida. En Par\u00eds, el m\u00e1s acad\u00e9mico de los poetas de la Generaci\u00f3n Beat, conoci\u00f3 a su inminente esposa, Kirby, y encontr\u00f3 en la segunda <strong>Shakespeare and Company<\/strong>, la librer\u00eda de George Whitman, tanto un refugio bohemio y libresco como un modelo para el futuro. All\u00ed fue feliz y tram\u00f3 el plan que le permitir\u00eda serlo, tambi\u00e9n, cuando regresara a los Estados Unidos.<\/p>\n<p>Una vez all\u00ed, se instal\u00f3 en San Francisco y, en 1953, fund\u00f3 <strong>City Lights<\/strong> con un socio estudiante universitario, Peter Martin. Al principio fue sobre todo una librer\u00eda de libros de bolsillo, pero enseguida ampli\u00f3 su cat\u00e1logo hacia otro tipo de publicaciones, incluy\u00f3 los <strong>fanzines <\/strong>y las expresiones impresas (o no) de la contracultura que los <strong>beatniks <\/strong>estaban generando. Y devino un espacio abierto a todo tipo de nuevas manifestaciones performativas (antes de que la palabra \u00abperformance\u00bb se volviera, en los a\u00f1os 70, moneda de uso corriente).<\/p>\n<p>Y, por supuesto, fue tambi\u00e9n una editorial. Un d\u00eda de 1955, <a href=\"https:\/\/www.clarin.com\/sociedad\/murio-allen-ginsberg-ultimo-poeta-beat_0_BJszZBzbRYl.html\" target=\"_blank\" rel=\"noopener noreferrer\">Allen Ginsberg<\/a> recit\u00f3 <a href=\"https:\/\/www.clarin.com\/sociedad\/aullido-hizo-historia_0_rytbARTYe.html\" target=\"_blank\" rel=\"noopener noreferrer\"><em>Aullido<\/em><\/a> y, al a\u00f1o siguiente, apareci\u00f3 publicado bajo el sello City Lights junto con \u00abotros poemas\u00bb en forma de libro. Tanto <strong>Ferlinguetti <\/strong>como su empleado, el librero Shigeyoshi Murao, fueron arrestados, bajo la acusaci\u00f3n de difundir <strong>obscenidad<\/strong>.<\/p>\n<p>El juicio, que acab\u00f3 con la sentencia del juez Clayton W. Horn de que no se trataba de literatura obscena, sent\u00f3 un importante precedente en la historia de la libertad de expresi\u00f3n. En la <em>Pocket Poet series<\/em>&nbsp;tambi\u00e9n public\u00f3 a Gregory Corso, Denise Levertov, William Burroughs o Gary Snyder. Y, con los a\u00f1os, literatura que expres\u00f3 las preocupaciones afroamericanas, ecologistas, de la cultura gay o de la gentrificaci\u00f3n de la propia ciudad de San Francisco.<\/p>\n<h2>Un poeta beat<\/h2>\n<p>Como poeta, tal vez su libro m\u00e1s importante sea <em>Un Coney Island de la mente <\/em>(traducci\u00f3n de Carlos Bauer y Juli\u00e1n Marcos, Hiperi\u00f3n), que public\u00f3 en 1958. Si su amigo Allen Ginsberg dijo que hab\u00eda visto los mejores cerebros de su generaci\u00f3n destruidos \u00abpor la locura, fam\u00e9licos, hist\u00e9ricos, desnudos\u00bb, <strong>Ferlinghetti <\/strong>escribe en ese libro: \u00abEn las mejores escenas de Goya parece que vemos \/ a las gentes \/ en el momento exacto en que \/ consiguieron por primera vez el t\u00edtulo de \/ &#8216;sufriente humanidad'\u00bb<\/p>\n<p> Tanto la <strong>pintura<\/strong>, que \u00e9l mismo cultivaba, como la propia literatura o los viajes alimentaron su <strong>poes\u00eda cosmopolita<\/strong>, en cuyo horizonte de referentes conviven la poes\u00eda anglosajona con la europea, <strong>Emily Dickinson<\/strong> con<strong> Pier Paolo Pasolini<\/strong>. En 1960 viaj\u00f3 junto con <strong>Ginsberg <\/strong>al Congreso de Escritores de Chile. En su <em>Manifiesto populista<\/em>&nbsp;llam\u00f3 a los poetas a \u00absalir del armario\u00bb. Para \u00e9l la literatura siempre fue una experiencia<strong> tanto est\u00e9tica como pol\u00edtica<\/strong>.<\/p>\n<p>Su legado se encuentra en la s\u00edntesis del poeta, el editor y el librero. Se trata de una herencia que conecta el viaje con el hogar, Par\u00eds con San Francisco, lo global con lo local. La escritura con la pintura, con el dise\u00f1o, con la edici\u00f3n y con la venta de libros. La experiencia individual de escribir y leer con la experiencia colectiva de vivir intensamente, en todas sus dimensiones, eso que a falta de una palabra mejor llamamos cultura.<\/p>\n<p><em>PK<\/em><\/p>\n<div class=\"entry-tags\">\n<h2>TEMAS QUE APARECEN EN ESTA NOTA<\/h2>\n<\/p><\/div>\n<link href=\"https:\/\/static.clarin.com\/contents\/news\/css\/comments.css?c5bb77f\" defer type=\"text\/css\" rel=\"stylesheet\">\n","protected":false},"excerpt":{"rendered":"<p>Durante los \u00faltimos a\u00f1os se ha convertido en un t\u00f3pico afirmar, cuando muere alguna gran personalidad pol\u00edtica o cultural a una edad avanzada, que con ella termina el siglo XX. Pero con Lawrence Felinghetti la afirmaci\u00f3n adquiere la consistencia de la verdad. Aunque parezca mentira, el soldado de la Segunda Guerra Mundial en la invasi\u00f3n [&hellip;]<\/p>\n","protected":false},"author":1,"featured_media":9635,"comment_status":"closed","ping_status":"closed","sticky":false,"template":"","format":"standard","meta":[],"categories":[22],"tags":[],"_links":{"self":[{"href":"http:\/\/cordobateve.net\/index.php\/wp-json\/wp\/v2\/posts\/9634"}],"collection":[{"href":"http:\/\/cordobateve.net\/index.php\/wp-json\/wp\/v2\/posts"}],"about":[{"href":"http:\/\/cordobateve.net\/index.php\/wp-json\/wp\/v2\/types\/post"}],"author":[{"embeddable":true,"href":"http:\/\/cordobateve.net\/index.php\/wp-json\/wp\/v2\/users\/1"}],"replies":[{"embeddable":true,"href":"http:\/\/cordobateve.net\/index.php\/wp-json\/wp\/v2\/comments?post=9634"}],"version-history":[{"count":0,"href":"http:\/\/cordobateve.net\/index.php\/wp-json\/wp\/v2\/posts\/9634\/revisions"}],"wp:featuredmedia":[{"embeddable":true,"href":"http:\/\/cordobateve.net\/index.php\/wp-json\/wp\/v2\/media\/9635"}],"wp:attachment":[{"href":"http:\/\/cordobateve.net\/index.php\/wp-json\/wp\/v2\/media?parent=9634"}],"wp:term":[{"taxonomy":"category","embeddable":true,"href":"http:\/\/cordobateve.net\/index.php\/wp-json\/wp\/v2\/categories?post=9634"},{"taxonomy":"post_tag","embeddable":true,"href":"http:\/\/cordobateve.net\/index.php\/wp-json\/wp\/v2\/tags?post=9634"}],"curies":[{"name":"wp","href":"https:\/\/api.w.org\/{rel}","templated":true}]}}