{"id":99830,"date":"2025-01-18T15:01:38","date_gmt":"2025-01-18T15:01:38","guid":{"rendered":"https:\/\/www.clarin.com\/cultura\/escuela-sovietica-indigena-inspiro-ultima-novela-gabriela-wiener_0_BjtcvZP3IB.html"},"modified":"2025-01-18T15:01:38","modified_gmt":"2025-01-18T15:01:38","slug":"como-una-escuela-sovietica-indigena-inspiro-la-ultima-novela-de-gabriela-wiener","status":"publish","type":"post","link":"http:\/\/cordobateve.net\/index.php\/2025\/01\/18\/como-una-escuela-sovietica-indigena-inspiro-la-ultima-novela-de-gabriela-wiener\/","title":{"rendered":"C\u00f3mo una escuela sovi\u00e9tica-ind\u00edgena inspir\u00f3 la \u00faltima novela de Gabriela Wiener"},"content":{"rendered":"<p><img src=\"http:\/\/cordobateve.net\/wp-content\/uploads\/2025\/01\/como-una-escuela-sovietica-indigena-inspiro-la-ultima-novela-de-gabriela-wiener.jpg\"><\/p>\n<div class=\"sc-80531b6b-0 chRIGJ container-text text-embed\" readability=\"37.392686804452\">\n<p>La protagonista de <strong><em>Atusparia <\/em><\/strong>(Random House), la<strong> \u00faltima <a href=\"https:\/\/www.clarin.com\/cultura\/gabriela-wiener-importa-ven-obra-literatura_0_rZzrrh59qH.html?srsltid=AfmBOopGLXPvwE0Eb3Fams4qgQtWV3WX0GC0kLRwgbbDuxmQBq0gJlgh\" target=\"_blank\" title=\"novela \" alt=\"novela \" rel=\"noopener noreferrer\">novela <\/a>de la <a href=\"https:\/\/www.clarin.com\/viva\/gabriela-wiener-escritora-peruana-argentina-siente-racista-_0_cBEosS22GA.html?srsltid=AfmBOopioxa_9kGMuLbItGI0hkiMsyRUuoREexKPSIeCB5AaHT7Pdt0P\" target=\"_blank\" title=\"escritora \" alt=\"escritora \" rel=\"noopener noreferrer\">escritora <\/a>peruana <a href=\"https:\/\/www.clarin.com\/autor\/gabriela-wiener.html?srsltid=AfmBOorMkkFxinAj35WYmcEgCS5CcVLS1vjvTzRAVMRgsfb2c9bB8JUI\" target=\"_blank\" title=\"Gabriela Wiener\" alt=\"Gabriela Wiener\" rel=\"noopener noreferrer\">Gabriela Wiener<\/a><\/strong>, se encuentra en una c\u00e1rcel de m\u00e1xima seguridad en el medio de la<strong> selva amaz\u00f3nica<\/strong>. Se hace llamar como el nombre de la novela que a su vez refiere a uno de los l\u00edderes de la<strong> resistencia ind\u00edgena peruana del siglo XIX<\/strong> y a una escuela alternativa que funcion\u00f3 en Peru durante los a\u00f1os 80 hasta la ca\u00edda del Muro de Berlin. En esta entrevista con <strong>Clar\u00edn<\/strong>, la escritora habl\u00f3 de esa <a href=\"https:\/\/www.clarin.com\/no-ficcion\/gabriela-wiener-vivimos-asediados-estimulos_0_HJSHQw3PQl.html?srsltid=AfmBOopqwUKBdFKzQtQ-EeHJ7s1qUH0cwRl-1o4fDe3jfdDUh_tDtzom\" target=\"_blank\" title=\"experiencia\" alt=\"experiencia\" rel=\"noopener noreferrer\">experiencia<\/a>, de la que tambi\u00e9n fue parte, de<strong> la actualidad de las luchas ind\u00edgenas y campesinas <\/strong>y de la literatura y su rol en el mundo.<\/p>\n<\/div>\n<div class=\"sc-80531b6b-0 chRIGJ container-text text-embed\" readability=\"32\">\n<p><strong>\u2013Contanos sobre el origen de la escuela Atusparia.<\/strong><\/p>\n<\/div>\n<div class=\"sc-80531b6b-0 chRIGJ container-text text-embed\" readability=\"44\">\n<p>\u2013Yo le prest\u00e9 un poco al personaje de <em>Atusparia<\/em>, que no soy yo evidentemente porque si no acabar\u00eda todo muy mal para m\u00ed, un poco de mi historia. En la \u00e9poca de los a\u00f1os 80 hab\u00eda <strong>muchos colegios que ten\u00edan visiones alternativas<\/strong> sobre qu\u00e9 y c\u00f3mo educar, pero quiz\u00e1s el m\u00edo era un colegio m\u00e1s a\u00fan m\u00e1s politizado: te pod\u00edas encontrar ah\u00ed como<strong> un crisol de todas las izquierdas a trav\u00e9s de sus hijos<\/strong>, desde la socialdem\u00f3crata hasta la guerrillera. Pens\u00e9 que esa escuela pod\u00eda ser una met\u00e1fora de c\u00f3mo funciona la izquierda por dentro. Fue un proyecto educativo muy interesante que aunaba un poco todo ese conocimiento cient\u00edfico de la Uni\u00f3n Sovi\u00e9tica; <strong>fue fundado por gente que se fue a estudiar a la URSS y regres\u00f3, tuvo incluso profesoras rusas<\/strong>. Y a la vez estaban esos profesores peruanos o la profesora de literatura, Asunci\u00f3n, que m\u00e1s bien lo que estaban tratando de hacer era lo que Mari\u00e1tegui dec\u00eda que hab\u00eda que hacer, eso que la revoluci\u00f3n no ser\u00eda ni calco ni copia del extranjero, sino que ser\u00eda una creaci\u00f3n de los propios pueblos. De esa manera intentaban aplicar ese socialismo a la realidad nacional.<\/p>\n<\/div>\n<div class=\"sc-80531b6b-0 chRIGJ container-text text-embed\" readability=\"33\">\n<p><strong>\u2013En un pa\u00eds fundamentalmente ind\u00edgena, \u00bfverdad?<\/strong><\/p>\n<\/div>\n<div class=\"sc-80531b6b-0 chRIGJ container-text text-embed\" readability=\"45\">\n<p>\u2013Claro, en todo caso <strong>en Per\u00fa tendr\u00eda que ser la dictadura del campesinado<\/strong>. En el libro cuento c\u00f3mo se viv\u00eda esa experiencia desde esa peque\u00f1a escala, en ese universo donde la utop\u00eda funcionaba donde Mosc\u00fa, que era 1000 veces m\u00e1s importante que Washington. Est\u00e1bamos en plena Guerra Fr\u00eda, en plena batalla cultural, le\u00edamos libros sovi\u00e9ticos, pero tambi\u00e9n libros ind\u00edgenas, autores como Arguedas, la protagonista lee a Manuel Scorza, que fue un faro ideol\u00f3gico y tambi\u00e9n literario. Era un colegio muy interesante con un proyecto de experimentaci\u00f3n educativa. En el libro se cuenta al detalle, te encuentras creo que con toda la informaci\u00f3n posible que yo encontr\u00e9.<\/p>\n<\/div>\n<div class=\"sc-80531b6b-0 chRIGJ container-text text-embed\" readability=\"33\">\n<p><strong>\u2013Adem\u00e1s de tus recuerdos, \u00bfc\u00f3mo investigaste?<\/strong><\/p>\n<\/div>\n<div class=\"sc-80531b6b-0 chRIGJ container-text text-embed\" readability=\"36\">\n<p>\u2013Entrevist\u00e9 a varias personas que estudiaron conmigo, a algunos maestros y fui creando al personaje de la profesora, de la maestra y a esa ni\u00f1a que no soy yo que cuenta la experiencia desde una voz muy na\u00edf y tambi\u00e9n muy risue\u00f1a.<\/p>\n<\/div>\n<div class=\"sc-80531b6b-0 chRIGJ container-text text-embed\">\n<p><strong>\u2013Y con humor.<\/strong><\/p>\n<\/div>\n<div class=\"sc-80531b6b-0 chRIGJ container-text text-embed\" readability=\"41\">\n<p>\u2013S\u00ed, es una autocr\u00edtica hecha con cari\u00f1o y con humor, que es a veces una manera bastante subversiva de decir las cosas. <strong>La escuela tiene el nombre de un l\u00edder ind\u00edgena porque el sincretismo era total<\/strong>: un colegio sovi\u00e9tico pero que retomaba los conocimientos ind\u00edgenas. Tambi\u00e9n habla de las masacres contra nuestras comunidades como la que llev\u00f3 adelante la dictadora actual Dina Boluarte en Puno donde fueron asesinados 50 campesinos por protestar nada m\u00e1s. Todas las historias de revoluciones ind\u00edgenas acaban as\u00ed. As\u00ed se han resuelto hist\u00f3ricamente, as\u00ed les ha funcionado desde la colonizaci\u00f3n hasta ahora. <strong>Los defensores de la tierra actualmente tambi\u00e9n terminan asesinados<\/strong> porque precisamente son demasiado peligrosos porque se\u00f1alan la necesidad de cuidar el planeta, de poner la vida en el centro, de no depredar, de no saquear los recursos naturales.<\/p>\n<\/div>\n<div class=\"sc-80531b6b-0 chRIGJ container-text text-embed\" readability=\"32\">\n<p><strong>\u2013\u00bfQu\u00e9 pas\u00f3 con la escuela y el proyecto educativo cuando cay\u00f3 el Muro de Berl\u00edn?<\/strong><\/p>\n<\/div>\n<div class=\"sc-80531b6b-0 chRIGJ container-text text-embed\" readability=\"46\">\n<p>\u2013Eso tambi\u00e9n est\u00e1 en la novela de una manera metaf\u00f3rica, pero en mi caso directamente me cambiaron de colegio y en esa escuela yo s\u00e9 que siguieron porque existe hasta hoy y empezaron a ense\u00f1ar ingl\u00e9s. Se fueron las profesoras rusos y tambi\u00e9n los de izquierda. Lo que quer\u00eda contar en el libro, que no es autobiogr\u00e1fico, es la historia de una revolucionaria, candidata del pueblo, una mujer pol\u00edtica de la izquierda que comienza su adolescencia cuando cae el muro y el despertar del deseo llega con el capitalismo. <strong>Hab\u00eda una utop\u00eda que se cay\u00f3<\/strong> y para la protagonista es un momento de desamparo, porque adem\u00e1s esa escuela la maternaba, as\u00ed como esa profesora y ese lugar era su casa del saber, su refugio. Por eso, cuando esa escuela se pierde, es cuando pierde su esp\u00edritu, queda un poco a la deriva.<\/p>\n<\/div>\n<div class=\"sc-80531b6b-0 chRIGJ container-text text-embed\" readability=\"32\">\n<p><strong>\u2013\u00bfQu\u00e9 rol cumple la literatura en la revoluci\u00f3n?<\/strong><\/p>\n<\/div>\n<div class=\"sc-80531b6b-0 chRIGJ container-text text-embed\" readability=\"50\">\n<p>\u2013Hay una cita muy hermosa de de Manuel Scorza que tambi\u00e9n est\u00e1 en la novela y a la que suscribo totalmente y tiene que ver con entender a la literatura como ese \u00faltimo tribunal de apelaci\u00f3n, ese lugar donde se puede hacer justicia cuando ya ha fallado todo, una justicia tal vez tard\u00eda, \u00faltima. Y en el caso de Scorza le pas\u00f3 realmente: \u00e9l escribi\u00f3 una novela sobre la lucha campesina, de un l\u00edder ind\u00edgena que se enfrenta a una petrolera, la Petrolean Company. Por supuesto es apresado y<strong> lo llevan a la c\u00e1rcel y el dictador de izquierda Velasco Alvarado lee la novela y decide amnistiar al campesino<\/strong>. <strong>Entonces, mira, c\u00f3mo la literatura puede abrir puertas.<\/strong> Me parece de una solidaridad radical, poder hacer una literatura que pueda movilizar, intervenir en el mundo. Yo s\u00e9 que no queda bien decir eso porque o te llaman estalinista o te consideran como parte de una literatura funcional, pero yo s\u00ed creo en el poder transformador de de la lectura y de la escritura. Lo creo porque lo he visto, porque me he encontrado con las personas que me leen y me han dicho cosas; es una verdad \u00edntima que compartimos. Y tampoco queda bien porque los escritores son muy c\u00ednicos y no les gusta decir que hacen una literatura que cambia el mundo, es muy eg\u00f3latra decirlo, pero lo cierto es que <strong>yo no soporto los discursos que dicen que hacen arte por el arte y que la literatura es aut\u00f3noma<\/strong> y que no debe servir para nada. Creo que al contrario, que no entras y sales, que puede ser transformadora.<\/p>\n<\/div>\n<div class=\"sc-198be8ec-0 cynXbu image-embed image-embed \"><picture class=\"sc-198be8ec-1 kOjRiQ\"><source media=\"(min-width: 975px)\" width=\"720\" height=\"480\" srcset=\"http:\/\/cordobateve.net\/wp-content\/uploads\/2025\/01\/como-una-escuela-sovietica-indigena-inspiro-la-ultima-novela-de-gabriela-wiener-2.jpg\"><img alt=\"La escritora peruana Gabriela Wiener. Foto: Amir Hamja\/The New York Times \/ NYT\" loading=\"lazy\" width=\"720\" height=\"480\" decoding=\"async\" data-nimg=\"1\" src=\"http:\/\/cordobateve.net\/wp-content\/uploads\/2025\/01\/como-una-escuela-sovietica-indigena-inspiro-la-ultima-novela-de-gabriela-wiener-2.jpg\"><span class=\"epigraphe\">La escritora peruana Gabriela Wiener. Foto: Amir Hamja\/The New York Times \/ NYT<\/span><span class=\"bkg\"><\/span><span class=\"picture-open\"><button class=\"open-image\" aria-label=\"Open Image\"><\/button><\/span><\/picture><\/div>\n<div class=\"sc-80531b6b-0 chRIGJ container-text text-embed\" readability=\"36\">\n<p><strong>\u2013Me qued\u00f3 resonando una frase del libro: \u201cMi colegio es un lugar complejo de aprendizaje intercultural de ni\u00f1os que bailan huaynos andinos y quieren ser astronautas de la estaci\u00f3n MIR. Con este proyecto innovador la izquierda quiere cumplir un sue\u00f1o, exactamente como las iglesias o la derecha con sus colegios\u201d.<\/strong><\/p>\n<\/div>\n<div class=\"sc-80531b6b-0 chRIGJ container-text text-embed\" readability=\"45\">\n<p>\u2013Pensaba que es una historia que es transversal, de absoluta relevancia actual, de total vigencia porque las luchas anticoloniales siguen y <strong>se sigue hablando de la educaci\u00f3n como adoctrinamiento, todo ese movimiento de con mis hijos no te metas, todo ese bloqueo en la educaci\u00f3n sexual, como si no hubiera sido la iglesia precisamente quien m\u00e1s colegios tuvo<\/strong>, quien m\u00e1s cerebros lav\u00f3, quien m\u00e1s transmiti\u00f3 prejuicios a la vez que homofobia, misoginia y directamente abuso sexual. Los primeros en adoctrinar son ellos. Y si quieres llamarle adoctrinar a formar a personas conscientes de las injusticias, pues ll\u00e1male como quieras, pero creo que \u00e9se es el prop\u00f3sito de la educaci\u00f3n.<\/p>\n<\/div>\n<div class=\"sc-80531b6b-0 chRIGJ container-text text-embed\" readability=\"32\">\n<p><strong>\u2013\u00bfLa novela es tambi\u00e9n un homenaje a las luchas anteriores?<\/strong><\/p>\n<\/div>\n<div class=\"sc-80531b6b-0 chRIGJ container-text text-embed\" readability=\"49\">\n<p>\u2013S\u00ed, para que podamos recordar que venimos de esas madres, de <strong>esos padres que lucharon, algunos fueron a la guerra, otros desaparecieron, fueron torturados<\/strong>. Hay que hacerles todos los homenajes a esa gente que siempre es tratada como de derrotada, vencida, fracasada, porque no lo lograron; pero lo intentaron, que al final es lo \u00fanico que cuenta. Y es tambi\u00e9n para se\u00f1alar qu\u00e9 profundo racismo hay detr\u00e1s de las maneras en que se mira a los movimientos ind\u00edgenas, la manera en que se resuelven, desde el terrorismo de Estado. <strong>Es ese racismo el que desata una necropol\u00edtica constante desde 500 a\u00f1os y que no ha parado.<\/strong> Como no han parado tampoco las resistencias, yo misma fui a Puno, estuve ah\u00ed cubriendo como periodista a un mes de la masacre de Dina Boluarte y fui+e impresionante ver a la gente luchando cuerpo a cuerpo, con una capacidad de organizaci\u00f3n brutal de las comunidades campesinas.<\/p>\n<\/div>\n<p><h2>Gabriela Wiener b\u00e1sico<\/h2>\n<\/p>\n<div class=\"sc-80531b6b-0 chRIGJ container-text text-embed\">\n<ul>\n<li>Es escritora y periodista peruana residente en Madrid, y una de las cronistas de referencia de su generaci\u00f3n. Considerada heredera del llamado \u00abperiodismo gonzo\u00bb de Hunter S. Thompson, ejerce un periodismo narrativo en primera persona donde ella es un personaje m\u00e1s de sus cr\u00f3nicas.<\/li>\n<\/ul>\n<\/div>\n<div class=\"sc-80531b6b-0 chRIGJ container-text text-embed\">\n<ul>\n<li>Ha publicado los libros <em>Sexograf\u00edas <\/em>(Melusina, 2008), <em>Nueve Lunas<\/em> (Random House, 2009), <em>Llamada perdida<\/em> (Malpaso, 2015), <em>Dicen de m\u00ed <\/em>(Esto No Es Berl\u00edn, 2018) y el libro de poemas <em>Ejercicios para el endurecimiento del esp\u00edritu<\/em> (La Bella Varsovia, 2014).<\/li>\n<\/ul>\n<\/div>\n<div class=\"sc-80531b6b-0 chRIGJ container-text text-embed\">\n<ul>\n<li>Fue redactora jefe de la revista <em>Marie Claire<\/em> en Espa\u00f1a y publica columnas de opini\u00f3n para Eldiario.es, as\u00ed como una videocolumna en lamula.pe.<\/li>\n<\/ul>\n<\/div>\n<div class=\"sc-80531b6b-0 chRIGJ container-text text-embed\">\n<ul>\n<li>Gan\u00f3 el Gran Premio Nacional de periodismo de Per\u00fa por un reportaje de investigaci\u00f3n sobre un caso de violencia de g\u00e9nero. Es, adem\u00e1s, creadora de varias performances que ha puesto en escena junto a su familia.<\/li>\n<\/ul>\n<\/div>\n<div class=\"sc-80531b6b-0 chRIGJ container-text text-embed\" readability=\"33\">\n<p><strong><em>Atusparia<\/em>, de Gabriela Wiener (Random House).<\/strong><\/p>\n<\/div>\n","protected":false},"excerpt":{"rendered":"<p>La protagonista de Atusparia (Random House), la \u00faltima novela de la escritora peruana Gabriela Wiener, se encuentra en una c\u00e1rcel de m\u00e1xima seguridad en el medio de la selva amaz\u00f3nica. Se hace llamar como el nombre de la novela que a su vez refiere a uno de los l\u00edderes de la resistencia ind\u00edgena peruana del [&hellip;]<\/p>\n","protected":false},"author":1,"featured_media":99831,"comment_status":"closed","ping_status":"closed","sticky":false,"template":"","format":"standard","meta":[],"categories":[22],"tags":[],"_links":{"self":[{"href":"http:\/\/cordobateve.net\/index.php\/wp-json\/wp\/v2\/posts\/99830"}],"collection":[{"href":"http:\/\/cordobateve.net\/index.php\/wp-json\/wp\/v2\/posts"}],"about":[{"href":"http:\/\/cordobateve.net\/index.php\/wp-json\/wp\/v2\/types\/post"}],"author":[{"embeddable":true,"href":"http:\/\/cordobateve.net\/index.php\/wp-json\/wp\/v2\/users\/1"}],"replies":[{"embeddable":true,"href":"http:\/\/cordobateve.net\/index.php\/wp-json\/wp\/v2\/comments?post=99830"}],"version-history":[{"count":0,"href":"http:\/\/cordobateve.net\/index.php\/wp-json\/wp\/v2\/posts\/99830\/revisions"}],"wp:featuredmedia":[{"embeddable":true,"href":"http:\/\/cordobateve.net\/index.php\/wp-json\/wp\/v2\/media\/99831"}],"wp:attachment":[{"href":"http:\/\/cordobateve.net\/index.php\/wp-json\/wp\/v2\/media?parent=99830"}],"wp:term":[{"taxonomy":"category","embeddable":true,"href":"http:\/\/cordobateve.net\/index.php\/wp-json\/wp\/v2\/categories?post=99830"},{"taxonomy":"post_tag","embeddable":true,"href":"http:\/\/cordobateve.net\/index.php\/wp-json\/wp\/v2\/tags?post=99830"}],"curies":[{"name":"wp","href":"https:\/\/api.w.org\/{rel}","templated":true}]}}